{"id":6076,"date":"2020-05-15T19:05:31","date_gmt":"2020-05-15T19:05:31","guid":{"rendered":"https:\/\/latribunera.com\/apuntes\/?p=6076"},"modified":"2020-05-15T21:39:20","modified_gmt":"2020-05-15T21:39:20","slug":"comienza-jornada-11-eliga-mx","status":"publish","type":"post","link":"https:\/\/latribunera.com\/apuntes\/index.php\/2020\/05\/15\/comienza-jornada-11-eliga-mx\/","title":{"rendered":"COMIENZA JORNADA 11. ELIGA MX"},"content":{"rendered":"\n<h2 class=\"wp-block-heading\">C\u00c1TEDRA ROJINEGRA<\/h2>\n\n\n\n<figure class=\"wp-block-embed-twitter wp-block-embed is-type-rich is-provider-twitter\"><div class=\"wp-block-embed__wrapper\">\n<blockquote class=\"twitter-tweet\" data-width=\"550\" data-dnt=\"true\"><p lang=\"es\" dir=\"ltr\">VIIIIICTORIAAAAA ROJINEGRAAAAAAA!!! \ud83d\ude4c<br><br>TRIUNFO EN EL DEBUT DE BRAYTON V\u00c1ZQUEZ!!! \ud83d\udc4f<a href=\"https:\/\/twitter.com\/hashtag\/eLIGAMX?src=hash&amp;ref_src=twsrc%5Etfw\">#eLIGAMX<\/a><a href=\"https:\/\/twitter.com\/hashtag\/LateConFuria?src=hash&amp;ref_src=twsrc%5Etfw\">#LateConFuria<\/a> \ud83d\udd34\u26ab\ufe0f <a href=\"https:\/\/t.co\/p6ii1Ix54x\">pic.twitter.com\/p6ii1Ix54x<\/a><\/p>&mdash; Atlas FC (@atlasfc) <a href=\"https:\/\/twitter.com\/atlasfc\/status\/1261377624330448899?ref_src=twsrc%5Etfw\">May 15, 2020<\/a><\/blockquote><script async src=\"https:\/\/platform.twitter.com\/widgets.js\" charset=\"utf-8\"><\/script>\n<\/div><\/figure>\n\n\n\n<p>Comienza el primer juego del d\u00eda, Bravos vs Atlas, partido que equipos necesitados de puntos en el torneo. Empezaban las acciones con un Atlas que buscaba el gol y que conseguir\u00eda en el minuto 10\u2019 de acciones, gol de Atlas. 1-0 tomaban la delantera, jugada de gol con un disparo cruzado que terminaba en el fondo.<\/p>\n\n\n\n<p>El partido empezaba a tomar tintes de que era mas probable ver el empate al marcador que ver el segundo gol del cuadro rojinegro, buena respuesta de parte de Bravos ante el gol recibido. Minuto 33\u2019 y jugada de Ju\u00e1rez que se iba desviada, 2 minutos despu\u00e9s ver\u00edan su recompensa, gol de Bravos que pon\u00eda las tablas en el marcador. Llegaba el final de la primera parte, llegadas constantes de Atlas que terminar\u00edan en su segundo gol del partido por parte de Jeraldino, que era producto de tiro de esquina, remate de cabeza rechazado que se met\u00eda con una segunda acci\u00f3n de rebote tras rematar el bal\u00f3n vivo en \u00e9l \u00e1rea.<\/p>\n\n\n\n<p>Final de primer tiempo que se reanudaba r\u00e1pidamente, minuto 55\u2019 y llegaba otro gol de Atlas, jugada accidentada con 3 ocaciones de gol que propiciaban el gol rojinegro. Comenz\u00e1bamos a ver lo que seria ya una victoria segura del Atlas, partido muy dominado y que los dirigidos por Brayton V\u00e1zquez, empezar\u00edan a poner hielo al bal\u00f3n.<\/p>\n\n\n\n<p>Llegaba el minuto 81\u2019 de acciones, llegaba el cuarto gol rojinegro por parte de Geraldino que remataba de tijera, golazo de la academia. Final de las acciones, con este resultado Atlas llega a 17 puntos, por otro lado, Ju\u00e1rez permanece en la \u00faltima posici\u00f3n con solo 2 unidades.<\/p>\n\n\n\n<h2 class=\"wp-block-heading\">LA PANDILLA SE RAYA OTRA VEZ <\/h2>\n\n\n\n<figure class=\"wp-block-embed-twitter wp-block-embed is-type-rich is-provider-twitter\"><div class=\"wp-block-embed__wrapper\">\n<blockquote class=\"twitter-tweet\" data-width=\"550\" data-dnt=\"true\"><p lang=\"es\" dir=\"ltr\">\u23f1 | 90\u2019 | FINAL | <a href=\"https:\/\/twitter.com\/hashtag\/MTY?src=hash&amp;ref_src=twsrc%5Etfw\">#MTY<\/a>  3 &#8211; 1 <a href=\"https:\/\/twitter.com\/hashtag\/SAN?src=hash&amp;ref_src=twsrc%5Etfw\">#SAN<\/a><br><br>\u00a1El Capit\u00e1n lo hizo de nuevo!\ud83d\udca5<br><br>De la mano de <a href=\"https:\/\/twitter.com\/Ericcantug?ref_src=twsrc%5Etfw\">@Ericcantug<\/a>, conseguimos los tres puntos de esta jornada en la <a href=\"https:\/\/twitter.com\/hashtag\/eLigaMX?src=hash&amp;ref_src=twsrc%5Etfw\">#eLigaMX<\/a> \ud83e\udd20\ud83c\udfae<br><br>\u00a1ARRIBA EL MONTERREY! \ud83d\udde3<a href=\"https:\/\/twitter.com\/hashtag\/EnLaVidaYEnLaCasa?src=hash&amp;ref_src=twsrc%5Etfw\">#EnLaVidaYEnLaCasa<\/a> \ud83c\udfe1\ud83d\udc99\u26aa<a href=\"https:\/\/twitter.com\/hashtag\/TuCasaTuCancha?src=hash&amp;ref_src=twsrc%5Etfw\">#TuCasaTuCancha<\/a> <a href=\"https:\/\/t.co\/7vDahQSXdo\">pic.twitter.com\/7vDahQSXdo<\/a><\/p>&mdash; Rayados (desde \ud83c\udfe1) (@Rayados) <a href=\"https:\/\/twitter.com\/Rayados\/status\/1261409099905937409?ref_src=twsrc%5Etfw\">May 15, 2020<\/a><\/blockquote><script async src=\"https:\/\/platform.twitter.com\/widgets.js\" charset=\"utf-8\"><\/script>\n<\/div><\/figure>\n\n\n\n<p>Comienzo del segundo partido del d\u00eda, Rayados vs Santos, empez\u00e1bamos las acciones con un Monterrey el\u00e9ctrico que ya buscaba anotar r\u00e1pidamente el primer gol del partido.<\/p>\n\n\n\n<p>Minuto 14\u2019 y poste, Rayados con jugada preparada anotaba casi el primero del partido. Por momentos el Santos tomaba el bal\u00f3n pero sin conseguir nada. Minuto 22\u2019, jugada en el \u00e1rea y Maxi Meza anota el primero del partido venciendo a Jonathan Orozco. <\/p>\n\n\n\n<p>Segu\u00edan las acciones, parece ser que este primer gol no hac\u00eda despertar a Santos, el cuadro comandado de Eric Cant\u00fa segu\u00eda tocando la puerta. Empez\u00e1bamos a llegar al final del primer tiempo, Santos ten\u00eda un jugada clara al 45\u2019 que no pod\u00eda concretar, nos \u00edbamos al descanso.<\/p>\n\n\n\n<p>Comienzo de segunda mitad, partido en el cual empez\u00e1bamos a ver a un Santos m\u00e1s activo con el bal\u00f3n, minuto 55\u2019 y gol del Santos, la Laguna despertaba despu\u00e9s de una serie de partidos malos por parte de la versi\u00f3n de Aguirre. Est\u00e1bamos 1-1 en el marcador.<\/p>\n\n\n\n<p>Minuto 60\u2019, gol de Rayados, golazo de vuelta que anotaba Funes Mori, se dio la vuelta y mat\u00f3. Este no ser\u00eda el \u00fanico gol que llegar\u00eda, minuto 68\u2019 y gol del jugador electr\u00f3nico de Eric Cant\u00fa, basucazo que entraba a las redes laguneras. El partido se empezaba a acomodar para otra victoria Rayada de Eric Cant\u00fa.<\/p>\n\n\n\n<p>Empez\u00e1bamos a llegar al fin de las acciones, con esta victoria, Rayados alcanza los 20 puntos en la 4ta posici\u00f3n, por su parte, Santos empieza a perder aire, con 18 puntos queda en la 6ta posici\u00f3n con posibilidad de bajar m\u00e1s pelda\u00f1os esta jornada.<\/p>\n","protected":false},"excerpt":{"rendered":"<p>C\u00c1TEDRA ROJINEGRA Comienza el primer juego del d\u00eda, Bravos vs Atlas, partido que equipos necesitados de puntos en el torneo. Empezaban las acciones con un Atlas que buscaba el gol y que conseguir\u00eda en el minuto 10\u2019 de acciones, gol de Atlas. 1-0 tomaban la delantera, jugada de gol con un disparo cruzado que terminaba&#8230; <\/p>\n<div class=\"clear\"><\/div>\n<p><a href=\"https:\/\/latribunera.com\/apuntes\/index.php\/2020\/05\/15\/comienza-jornada-11-eliga-mx\/\" class=\"excerpt-read-more\">Read More<i class=\"fa fa-caret-right icon-caret-right\"><\/i><\/a><\/p>\n","protected":false},"author":2,"featured_media":6089,"comment_status":"open","ping_status":"open","sticky":false,"template":"","format":"standard","meta":{"_jetpack_memberships_contains_paid_content":false,"footnotes":""},"categories":[2],"tags":[],"class_list":["post-6076","post","type-post","status-publish","format-standard","has-post-thumbnail","hentry","category-futbol-mexicano"],"jetpack_featured_media_url":"https:\/\/latribunera.com\/apuntes\/wp-content\/uploads\/2020\/05\/4516789C-F64D-440E-97CA-863EAE46CE80.png","jetpack-related-posts":[{"id":45386,"url":"https:\/\/latribunera.com\/apuntes\/index.php\/2026\/03\/11\/santos-launa-impulsa-mejoras-en-la-infraestructura-de-tsm-y-estadio-corona\/","url_meta":{"origin":6076,"position":0},"title":"Santos Laguna impulsa mejoras en la infraestructura de TSM y Estadio Corona","author":"Jacob Alarcon","date":"11 marzo, 2026","format":false,"excerpt":"Club Santos Laguna lleva a cabo una serie de reformas y mejoras en la infraestructura de TerritorioSantos Modelo y del Estadio Corona, con el objetivo de impulsar la innovaci\u00f3n tecnol\u00f3gica, lasostenibilidad y la modernizaci\u00f3n de sus espacios.Con estas acciones, el club contin\u00faa fortaleciendo la experiencia de sus aficionados yactualizando sus\u2026","rel":"","context":"In &quot;Pasi\u00f3n Guerrera&quot;","block_context":{"text":"Pasi\u00f3n Guerrera","link":"https:\/\/latribunera.com\/apuntes\/index.php\/category\/tribus\/pasionguerrera\/"},"img":{"alt_text":"","src":"https:\/\/i0.wp.com\/latribunera.com\/apuntes\/wp-content\/uploads\/2026\/03\/Renovacion-TSM.jpg?resize=350%2C200&ssl=1","width":350,"height":200,"srcset":"https:\/\/i0.wp.com\/latribunera.com\/apuntes\/wp-content\/uploads\/2026\/03\/Renovacion-TSM.jpg?resize=350%2C200&ssl=1 1x, https:\/\/i0.wp.com\/latribunera.com\/apuntes\/wp-content\/uploads\/2026\/03\/Renovacion-TSM.jpg?resize=525%2C300&ssl=1 1.5x, https:\/\/i0.wp.com\/latribunera.com\/apuntes\/wp-content\/uploads\/2026\/03\/Renovacion-TSM.jpg?resize=700%2C400&ssl=1 2x, https:\/\/i0.wp.com\/latribunera.com\/apuntes\/wp-content\/uploads\/2026\/03\/Renovacion-TSM.jpg?resize=1050%2C600&ssl=1 3x, https:\/\/i0.wp.com\/latribunera.com\/apuntes\/wp-content\/uploads\/2026\/03\/Renovacion-TSM.jpg?resize=1400%2C800&ssl=1 4x"},"classes":[]},{"id":45392,"url":"https:\/\/latribunera.com\/apuntes\/index.php\/2026\/04\/09\/se-presento-la-13va-edicion-del-guerreton\/","url_meta":{"origin":6076,"position":1},"title":"Se presento la 13va edici\u00f3n del Guerret\u00f3n.","author":"Staff","date":"9 abril, 2026","format":false,"excerpt":"A lo largo de sus primeras 12 ediciones, Guerret\u00f3n ha logrado recolectar m\u00e1s de 121,500juguetes, peluches y balones, beneficiando a diversas asociaciones e instituciones de laregi\u00f3n lagunera, entre ellas CRIT Durango, los sistemas DIF de distintos municipios, as\u00edcomo organizaciones educativas y asistenciales. A la fecha, se han instalado cuatro ludotecas\u2026","rel":"","context":"In &quot;Ganar Sirviendo&quot;","block_context":{"text":"Ganar Sirviendo","link":"https:\/\/latribunera.com\/apuntes\/index.php\/category\/futbol\/futbol-mexicano\/ganar-sirviendo\/"},"img":{"alt_text":"","src":"https:\/\/i0.wp.com\/latribunera.com\/apuntes\/wp-content\/uploads\/2026\/04\/9Guerreton-2026-2.jpg.jpeg?resize=350%2C200&ssl=1","width":350,"height":200,"srcset":"https:\/\/i0.wp.com\/latribunera.com\/apuntes\/wp-content\/uploads\/2026\/04\/9Guerreton-2026-2.jpg.jpeg?resize=350%2C200&ssl=1 1x, https:\/\/i0.wp.com\/latribunera.com\/apuntes\/wp-content\/uploads\/2026\/04\/9Guerreton-2026-2.jpg.jpeg?resize=525%2C300&ssl=1 1.5x, https:\/\/i0.wp.com\/latribunera.com\/apuntes\/wp-content\/uploads\/2026\/04\/9Guerreton-2026-2.jpg.jpeg?resize=700%2C400&ssl=1 2x, https:\/\/i0.wp.com\/latribunera.com\/apuntes\/wp-content\/uploads\/2026\/04\/9Guerreton-2026-2.jpg.jpeg?resize=1050%2C600&ssl=1 3x, https:\/\/i0.wp.com\/latribunera.com\/apuntes\/wp-content\/uploads\/2026\/04\/9Guerreton-2026-2.jpg.jpeg?resize=1400%2C800&ssl=1 4x"},"classes":[]},{"id":45421,"url":"https:\/\/latribunera.com\/apuntes\/index.php\/2026\/04\/16\/todo-listo-para-la-14va-edicion-de-la-copa-internacional-santos-penoles\/","url_meta":{"origin":6076,"position":2},"title":"Todo listo para la 14va edici\u00f3n de la Copa Internacional Santos Pe\u00f1oles","author":"Jacob Alarcon","date":"16 abril, 2026","format":false,"excerpt":"Este jueves, en el Auditorio Orlegi de Territorio Santos Modelo, se llev\u00f3 a cabo la presentaci\u00f3noficial de la edici\u00f3n 2026 de la Copa Internacional Santos Pe\u00f1oles, torneo que se ha consolidadocomo uno de los m\u00e1s importantes a nivel infantil y juvenil en M\u00e9xico. Adem\u00e1s de brindar una competencia deportiva de\u2026","rel":"","context":"In &quot;Sin categor\u00eda&quot;","block_context":{"text":"Sin categor\u00eda","link":"https:\/\/latribunera.com\/apuntes\/index.php\/category\/sin-categoria\/"},"img":{"alt_text":"","src":"https:\/\/i0.wp.com\/latribunera.com\/apuntes\/wp-content\/uploads\/2026\/04\/Presentacion-Copa-Santos-Penoles.jpg?resize=350%2C200&ssl=1","width":350,"height":200,"srcset":"https:\/\/i0.wp.com\/latribunera.com\/apuntes\/wp-content\/uploads\/2026\/04\/Presentacion-Copa-Santos-Penoles.jpg?resize=350%2C200&ssl=1 1x, https:\/\/i0.wp.com\/latribunera.com\/apuntes\/wp-content\/uploads\/2026\/04\/Presentacion-Copa-Santos-Penoles.jpg?resize=525%2C300&ssl=1 1.5x, https:\/\/i0.wp.com\/latribunera.com\/apuntes\/wp-content\/uploads\/2026\/04\/Presentacion-Copa-Santos-Penoles.jpg?resize=700%2C400&ssl=1 2x, https:\/\/i0.wp.com\/latribunera.com\/apuntes\/wp-content\/uploads\/2026\/04\/Presentacion-Copa-Santos-Penoles.jpg?resize=1050%2C600&ssl=1 3x, https:\/\/i0.wp.com\/latribunera.com\/apuntes\/wp-content\/uploads\/2026\/04\/Presentacion-Copa-Santos-Penoles.jpg?resize=1400%2C800&ssl=1 4x"},"classes":[]}],"jetpack_sharing_enabled":true,"_links":{"self":[{"href":"https:\/\/latribunera.com\/apuntes\/index.php\/wp-json\/wp\/v2\/posts\/6076","targetHints":{"allow":["GET"]}}],"collection":[{"href":"https:\/\/latribunera.com\/apuntes\/index.php\/wp-json\/wp\/v2\/posts"}],"about":[{"href":"https:\/\/latribunera.com\/apuntes\/index.php\/wp-json\/wp\/v2\/types\/post"}],"author":[{"embeddable":true,"href":"https:\/\/latribunera.com\/apuntes\/index.php\/wp-json\/wp\/v2\/users\/2"}],"replies":[{"embeddable":true,"href":"https:\/\/latribunera.com\/apuntes\/index.php\/wp-json\/wp\/v2\/comments?post=6076"}],"version-history":[{"count":9,"href":"https:\/\/latribunera.com\/apuntes\/index.php\/wp-json\/wp\/v2\/posts\/6076\/revisions"}],"predecessor-version":[{"id":6096,"href":"https:\/\/latribunera.com\/apuntes\/index.php\/wp-json\/wp\/v2\/posts\/6076\/revisions\/6096"}],"wp:featuredmedia":[{"embeddable":true,"href":"https:\/\/latribunera.com\/apuntes\/index.php\/wp-json\/wp\/v2\/media\/6089"}],"wp:attachment":[{"href":"https:\/\/latribunera.com\/apuntes\/index.php\/wp-json\/wp\/v2\/media?parent=6076"}],"wp:term":[{"taxonomy":"category","embeddable":true,"href":"https:\/\/latribunera.com\/apuntes\/index.php\/wp-json\/wp\/v2\/categories?post=6076"},{"taxonomy":"post_tag","embeddable":true,"href":"https:\/\/latribunera.com\/apuntes\/index.php\/wp-json\/wp\/v2\/tags?post=6076"}],"curies":[{"name":"wp","href":"https:\/\/api.w.org\/{rel}","templated":true}]}}