{"id":6097,"date":"2020-05-16T19:32:37","date_gmt":"2020-05-16T19:32:37","guid":{"rendered":"https:\/\/latribunera.com\/apuntes\/?p=6097"},"modified":"2020-05-16T20:32:50","modified_gmt":"2020-05-16T20:32:50","slug":"continua-jornada-11-eliga-mx","status":"publish","type":"post","link":"https:\/\/latribunera.com\/apuntes\/index.php\/2020\/05\/16\/continua-jornada-11-eliga-mx\/","title":{"rendered":"CONTINUA JORNADA 11. ELIGA MX"},"content":{"rendered":"\n<h2 class=\"wp-block-heading\">C\u00c1TEDRA FELINA<\/h2>\n\n\n\n<figure class=\"wp-block-embed-twitter wp-block-embed is-type-rich is-provider-twitter\"><div class=\"wp-block-embed__wrapper\">\n<blockquote class=\"twitter-tweet\" data-width=\"550\" data-dnt=\"true\"><p lang=\"es\" dir=\"ltr\">Termina el encuentro y el <a href=\"https:\/\/twitter.com\/PatonGuzman?ref_src=twsrc%5Etfw\">@PatonGuzman<\/a> se sacude la malaria. Este juego fue nuestro. \ud83d\ude0e<br><br>Por cierto, ni tiempo nos dio de subir el segundo de Necaxa.<a href=\"https:\/\/twitter.com\/hashtag\/EstoEsTigres?src=hash&amp;ref_src=twsrc%5Etfw\">#EstoEsTigres<\/a>\ud83d\udc2f | <a href=\"https:\/\/twitter.com\/hashtag\/TeamPaton?src=hash&amp;ref_src=twsrc%5Etfw\">#TeamPaton<\/a>\ud83c\udde6\ud83c\uddf7<a href=\"https:\/\/twitter.com\/hashtag\/6DecadasDeTigres?src=hash&amp;ref_src=twsrc%5Etfw\">#6DecadasDeTigres<\/a> \ud83d\udfe1\ud83d\udd35 <a href=\"https:\/\/t.co\/6xAov5XUNN\">pic.twitter.com\/6xAov5XUNN<\/a><\/p>&mdash; Club Tigres Oficial (en Casa \ud83c\udfe0\ud83d\ude37) (@TigresOficial) <a href=\"https:\/\/twitter.com\/TigresOficial\/status\/1261747726670323713?ref_src=twsrc%5Etfw\">May 16, 2020<\/a><\/blockquote><script async src=\"https:\/\/platform.twitter.com\/widgets.js\" charset=\"utf-8\"><\/script>\n<\/div><\/figure>\n\n\n\n<p>Comienza el segundo encuentro del d\u00eda, Necaxa vs Tigres, partido en donde comenzaba a tomar el bal\u00f3n de una mejor manera el Necaxa, llegaba el minuto 15\u2019 y golpeaban primero los rayos, 1-0 a favor de Necaxa que met\u00eda el gol Quiroga para estrenar el marcador.<\/p>\n\n\n\n<p>Tigres empezaba a despertar a raz\u00f3n del gol, el toque de bal\u00f3n caracter\u00edstico que tienen en la Liga MX comenzaba a ser plasmado, llegaba el minuto 30\u2019, gol de Tigres, disparo al segundo poste de Gignac que pon\u00eda las tablas en el marcador, est\u00e1bamos 1-1.<\/p>\n\n\n\n<p>Empez\u00e1bamos a ver un duelo de posesiones y transiciones, parec\u00eda ser que el gol de Necaxa servia mas a los Rayos que a los felinos, duelo igualado que terminar\u00eda as\u00ed y nos \u00edbamos empatados al medio tiempo.<\/p>\n\n\n\n<p>Comienzo de la parte complementaria, empezaba con un Tigres que iba a por todas y al minuto 50\u2019 Gignac se volv\u00eda a hacer presente con un trallazo de derecha que entraba en la porter\u00eda de Hugo Gonz\u00e1lez, ten\u00edamos m\u00e1s partido que nunca, Nahuel Guzman presentaba una mejor cara que en todos los partidos que hab\u00eda jugado.<\/p>\n\n\n\n<figure class=\"wp-block-image size-large\"><img loading=\"lazy\" decoding=\"async\" width=\"1024\" height=\"576\" src=\"https:\/\/latribunera.com\/apuntes\/wp-content\/uploads\/2020\/05\/2AE01BAD-5C0E-4C5E-A9E6-D31D8EC6C0D1-1024x576.png\" alt=\"\" class=\"wp-image-6107\" srcset=\"https:\/\/latribunera.com\/apuntes\/wp-content\/uploads\/2020\/05\/2AE01BAD-5C0E-4C5E-A9E6-D31D8EC6C0D1-1024x576.png 1024w, https:\/\/latribunera.com\/apuntes\/wp-content\/uploads\/2020\/05\/2AE01BAD-5C0E-4C5E-A9E6-D31D8EC6C0D1-300x169.png 300w, https:\/\/latribunera.com\/apuntes\/wp-content\/uploads\/2020\/05\/2AE01BAD-5C0E-4C5E-A9E6-D31D8EC6C0D1-768x432.png 768w, https:\/\/latribunera.com\/apuntes\/wp-content\/uploads\/2020\/05\/2AE01BAD-5C0E-4C5E-A9E6-D31D8EC6C0D1-1536x864.png 1536w, https:\/\/latribunera.com\/apuntes\/wp-content\/uploads\/2020\/05\/2AE01BAD-5C0E-4C5E-A9E6-D31D8EC6C0D1-2048x1152.png 2048w\" sizes=\"auto, (max-width: 1024px) 100vw, 1024px\" \/><\/figure>\n\n\n\n<p>Pasaban los minutos y al 60\u2019 de acciones ten\u00edamos el tercer gol felino, Edu Vargas anotaba lo que ser\u00eda probablemente, la jugada que terminar\u00eda el partido. Transcurr\u00edan los minutos y las llegadas empezaban a ser escasas. Tigres todav\u00eda tenia m\u00e1s, al minuto 84\u2019 y 86\u2019 llegar\u00edan los goles gemelos de Edu Vargas que pon\u00edan el cuarto y quinto a la causa felina.<\/p>\n\n\n\n<figure class=\"wp-block-image size-large\"><img loading=\"lazy\" decoding=\"async\" width=\"1024\" height=\"576\" src=\"https:\/\/latribunera.com\/apuntes\/wp-content\/uploads\/2020\/05\/C3912951-B6A8-4F49-B8BF-2826ADC082F5-1024x576.png\" alt=\"\" class=\"wp-image-6108\" srcset=\"https:\/\/latribunera.com\/apuntes\/wp-content\/uploads\/2020\/05\/C3912951-B6A8-4F49-B8BF-2826ADC082F5-1024x576.png 1024w, https:\/\/latribunera.com\/apuntes\/wp-content\/uploads\/2020\/05\/C3912951-B6A8-4F49-B8BF-2826ADC082F5-300x169.png 300w, https:\/\/latribunera.com\/apuntes\/wp-content\/uploads\/2020\/05\/C3912951-B6A8-4F49-B8BF-2826ADC082F5-768x432.png 768w, https:\/\/latribunera.com\/apuntes\/wp-content\/uploads\/2020\/05\/C3912951-B6A8-4F49-B8BF-2826ADC082F5-1536x864.png 1536w, https:\/\/latribunera.com\/apuntes\/wp-content\/uploads\/2020\/05\/C3912951-B6A8-4F49-B8BF-2826ADC082F5-2048x1152.png 2048w\" sizes=\"auto, (max-width: 1024px) 100vw, 1024px\" \/><\/figure>\n\n\n\n<p>Parec\u00eda que nos \u00edbamos 5-1 pero Necaxa descontaba con otro gol de la honra que dejaba el partido con un 5-2 abultado y que hacia que Nahuel Guzman se reivindicara con la grada felina. Con esta victoria, Tigres sube a la posici\u00f3n 11 con 13 puntos, por su parte, Necaxa esta en la decimocuarta posici\u00f3n con 12 puntos.<\/p>\n","protected":false},"excerpt":{"rendered":"<p>C\u00c1TEDRA FELINA Comienza el segundo encuentro del d\u00eda, Necaxa vs Tigres, partido en donde comenzaba a tomar el bal\u00f3n de una mejor manera el Necaxa, llegaba el minuto 15\u2019 y golpeaban primero los rayos, 1-0 a favor de Necaxa que met\u00eda el gol Quiroga para estrenar el marcador. Tigres empezaba a despertar a raz\u00f3n del&#8230; <\/p>\n<div class=\"clear\"><\/div>\n<p><a href=\"https:\/\/latribunera.com\/apuntes\/index.php\/2020\/05\/16\/continua-jornada-11-eliga-mx\/\" class=\"excerpt-read-more\">Read More<i class=\"fa fa-caret-right icon-caret-right\"><\/i><\/a><\/p>\n","protected":false},"author":2,"featured_media":6112,"comment_status":"open","ping_status":"open","sticky":false,"template":"","format":"standard","meta":{"_jetpack_memberships_contains_paid_content":false,"footnotes":""},"categories":[2],"tags":[],"class_list":["post-6097","post","type-post","status-publish","format-standard","has-post-thumbnail","hentry","category-futbol-mexicano"],"jetpack_featured_media_url":"https:\/\/latribunera.com\/apuntes\/wp-content\/uploads\/2020\/05\/941410DB-71F6-4499-81B4-7179C29E164D.png","jetpack-related-posts":[{"id":45392,"url":"https:\/\/latribunera.com\/apuntes\/index.php\/2026\/04\/09\/se-presento-la-13va-edicion-del-guerreton\/","url_meta":{"origin":6097,"position":0},"title":"Se presento la 13va edici\u00f3n del Guerret\u00f3n.","author":"Staff","date":"9 abril, 2026","format":false,"excerpt":"A lo largo de sus primeras 12 ediciones, Guerret\u00f3n ha logrado recolectar m\u00e1s de 121,500juguetes, peluches y balones, beneficiando a diversas asociaciones e instituciones de laregi\u00f3n lagunera, entre ellas CRIT Durango, los sistemas DIF de distintos municipios, as\u00edcomo organizaciones educativas y asistenciales. A la fecha, se han instalado cuatro ludotecas\u2026","rel":"","context":"In &quot;Ganar Sirviendo&quot;","block_context":{"text":"Ganar Sirviendo","link":"https:\/\/latribunera.com\/apuntes\/index.php\/category\/futbol\/futbol-mexicano\/ganar-sirviendo\/"},"img":{"alt_text":"","src":"https:\/\/i0.wp.com\/latribunera.com\/apuntes\/wp-content\/uploads\/2026\/04\/9Guerreton-2026-2.jpg.jpeg?resize=350%2C200&ssl=1","width":350,"height":200,"srcset":"https:\/\/i0.wp.com\/latribunera.com\/apuntes\/wp-content\/uploads\/2026\/04\/9Guerreton-2026-2.jpg.jpeg?resize=350%2C200&ssl=1 1x, https:\/\/i0.wp.com\/latribunera.com\/apuntes\/wp-content\/uploads\/2026\/04\/9Guerreton-2026-2.jpg.jpeg?resize=525%2C300&ssl=1 1.5x, https:\/\/i0.wp.com\/latribunera.com\/apuntes\/wp-content\/uploads\/2026\/04\/9Guerreton-2026-2.jpg.jpeg?resize=700%2C400&ssl=1 2x, https:\/\/i0.wp.com\/latribunera.com\/apuntes\/wp-content\/uploads\/2026\/04\/9Guerreton-2026-2.jpg.jpeg?resize=1050%2C600&ssl=1 3x, https:\/\/i0.wp.com\/latribunera.com\/apuntes\/wp-content\/uploads\/2026\/04\/9Guerreton-2026-2.jpg.jpeg?resize=1400%2C800&ssl=1 4x"},"classes":[]},{"id":45421,"url":"https:\/\/latribunera.com\/apuntes\/index.php\/2026\/04\/16\/todo-listo-para-la-14va-edicion-de-la-copa-internacional-santos-penoles\/","url_meta":{"origin":6097,"position":1},"title":"Todo listo para la 14va edici\u00f3n de la Copa Internacional Santos Pe\u00f1oles","author":"Jacob Alarcon","date":"16 abril, 2026","format":false,"excerpt":"Este jueves, en el Auditorio Orlegi de Territorio Santos Modelo, se llev\u00f3 a cabo la presentaci\u00f3noficial de la edici\u00f3n 2026 de la Copa Internacional Santos Pe\u00f1oles, torneo que se ha consolidadocomo uno de los m\u00e1s importantes a nivel infantil y juvenil en M\u00e9xico. Adem\u00e1s de brindar una competencia deportiva de\u2026","rel":"","context":"In &quot;Sin categor\u00eda&quot;","block_context":{"text":"Sin categor\u00eda","link":"https:\/\/latribunera.com\/apuntes\/index.php\/category\/sin-categoria\/"},"img":{"alt_text":"","src":"https:\/\/i0.wp.com\/latribunera.com\/apuntes\/wp-content\/uploads\/2026\/04\/Presentacion-Copa-Santos-Penoles.jpg?resize=350%2C200&ssl=1","width":350,"height":200,"srcset":"https:\/\/i0.wp.com\/latribunera.com\/apuntes\/wp-content\/uploads\/2026\/04\/Presentacion-Copa-Santos-Penoles.jpg?resize=350%2C200&ssl=1 1x, https:\/\/i0.wp.com\/latribunera.com\/apuntes\/wp-content\/uploads\/2026\/04\/Presentacion-Copa-Santos-Penoles.jpg?resize=525%2C300&ssl=1 1.5x, https:\/\/i0.wp.com\/latribunera.com\/apuntes\/wp-content\/uploads\/2026\/04\/Presentacion-Copa-Santos-Penoles.jpg?resize=700%2C400&ssl=1 2x, https:\/\/i0.wp.com\/latribunera.com\/apuntes\/wp-content\/uploads\/2026\/04\/Presentacion-Copa-Santos-Penoles.jpg?resize=1050%2C600&ssl=1 3x, https:\/\/i0.wp.com\/latribunera.com\/apuntes\/wp-content\/uploads\/2026\/04\/Presentacion-Copa-Santos-Penoles.jpg?resize=1400%2C800&ssl=1 4x"},"classes":[]}],"jetpack_sharing_enabled":true,"_links":{"self":[{"href":"https:\/\/latribunera.com\/apuntes\/index.php\/wp-json\/wp\/v2\/posts\/6097","targetHints":{"allow":["GET"]}}],"collection":[{"href":"https:\/\/latribunera.com\/apuntes\/index.php\/wp-json\/wp\/v2\/posts"}],"about":[{"href":"https:\/\/latribunera.com\/apuntes\/index.php\/wp-json\/wp\/v2\/types\/post"}],"author":[{"embeddable":true,"href":"https:\/\/latribunera.com\/apuntes\/index.php\/wp-json\/wp\/v2\/users\/2"}],"replies":[{"embeddable":true,"href":"https:\/\/latribunera.com\/apuntes\/index.php\/wp-json\/wp\/v2\/comments?post=6097"}],"version-history":[{"count":9,"href":"https:\/\/latribunera.com\/apuntes\/index.php\/wp-json\/wp\/v2\/posts\/6097\/revisions"}],"predecessor-version":[{"id":6110,"href":"https:\/\/latribunera.com\/apuntes\/index.php\/wp-json\/wp\/v2\/posts\/6097\/revisions\/6110"}],"wp:featuredmedia":[{"embeddable":true,"href":"https:\/\/latribunera.com\/apuntes\/index.php\/wp-json\/wp\/v2\/media\/6112"}],"wp:attachment":[{"href":"https:\/\/latribunera.com\/apuntes\/index.php\/wp-json\/wp\/v2\/media?parent=6097"}],"wp:term":[{"taxonomy":"category","embeddable":true,"href":"https:\/\/latribunera.com\/apuntes\/index.php\/wp-json\/wp\/v2\/categories?post=6097"},{"taxonomy":"post_tag","embeddable":true,"href":"https:\/\/latribunera.com\/apuntes\/index.php\/wp-json\/wp\/v2\/tags?post=6097"}],"curies":[{"name":"wp","href":"https:\/\/api.w.org\/{rel}","templated":true}]}}