{"id":6232,"date":"2020-05-24T18:11:00","date_gmt":"2020-05-24T18:11:00","guid":{"rendered":"https:\/\/latribunera.com\/apuntes\/?p=6232"},"modified":"2020-05-24T20:37:55","modified_gmt":"2020-05-24T20:37:55","slug":"cierre-de-acciones-jornada-13-eliga-mx","status":"publish","type":"post","link":"https:\/\/latribunera.com\/apuntes\/index.php\/2020\/05\/24\/cierre-de-acciones-jornada-13-eliga-mx\/","title":{"rendered":"CIERRE DE ACCIONES JORNADA 13. ELIGA MX"},"content":{"rendered":"\n<h2 class=\"wp-block-heading\">SUPERL\u00cdDER SIN INVICTO<\/h2>\n\n\n\n<figure class=\"wp-block-embed-twitter wp-block-embed is-type-rich is-provider-twitter\"><div class=\"wp-block-embed__wrapper\">\n<blockquote class=\"twitter-tweet\" data-width=\"550\" data-dnt=\"true\"><p lang=\"es\" dir=\"ltr\">\u23f1 90\u2019 | \ud83d\ude08 2-1 \ud83e\udd81<br><br>\ud83c\udfae| \u00a1Se acab\u00f3, triunfo de nuestros Diablos sobre <a href=\"https:\/\/twitter.com\/clubleonfc?ref_src=twsrc%5Etfw\">@clubleonfc<\/a>!<a href=\"https:\/\/twitter.com\/UnderArmour?ref_src=twsrc%5Etfw\">@UnderArmour<\/a> presenta el marcador final:<a href=\"https:\/\/twitter.com\/hashtag\/SomosElToluca?src=hash&amp;ref_src=twsrc%5Etfw\">#SomosElToluca<\/a>\ud83d\udd25 |\u00a0<a href=\"https:\/\/twitter.com\/hashtag\/TuCasaTuCancha?src=hash&amp;ref_src=twsrc%5Etfw\">#TuCasaTuCancha<\/a> <a href=\"https:\/\/t.co\/h07sQAbzOq\">pic.twitter.com\/h07sQAbzOq<\/a><\/p>&mdash; Toluca FC (@TolucaFC) <a href=\"https:\/\/twitter.com\/TolucaFC\/status\/1264638316365910017?ref_src=twsrc%5Etfw\">May 24, 2020<\/a><\/blockquote><script async src=\"https:\/\/platform.twitter.com\/widgets.js\" charset=\"utf-8\"><\/script>\n<\/div><\/figure>\n\n\n\n<p>Comienzo del primer partido del d\u00eda, Toluca vs Le\u00f3n, empezaba probablemente el mejor juego junto al cl\u00e1sico nacional que tendr\u00edamos en minutos.<\/p>\n\n\n\n<p>Partido que empezaba con el s\u00faper l\u00edder Le\u00f3n empujando para empezar a hacer el gol que lo adelantar\u00eda en el partido.<\/p>\n\n\n\n<p>Minuto 13\u2019 y primera llamada de atenci\u00f3n por parte del Toluca que ve\u00eda como la defensa de Nikiller, parar\u00eda sin problemas. Llegaba el minuto 18\u2019 y la insistencia tenia su recompensa, gol del Toluca, golazo bombeado de Canelo que dejaba sin hacer nada a Rodolfo Cota que no pod\u00eda hacer nada.<\/p>\n\n\n\n<figure class=\"wp-block-image size-large\"><img loading=\"lazy\" decoding=\"async\" width=\"1024\" height=\"576\" src=\"https:\/\/latribunera.com\/apuntes\/wp-content\/uploads\/2020\/05\/5866A09B-B934-4730-8075-4EF9D51C8857-1024x576.png\" alt=\"\" class=\"wp-image-6260\" srcset=\"https:\/\/latribunera.com\/apuntes\/wp-content\/uploads\/2020\/05\/5866A09B-B934-4730-8075-4EF9D51C8857-1024x576.png 1024w, https:\/\/latribunera.com\/apuntes\/wp-content\/uploads\/2020\/05\/5866A09B-B934-4730-8075-4EF9D51C8857-300x169.png 300w, https:\/\/latribunera.com\/apuntes\/wp-content\/uploads\/2020\/05\/5866A09B-B934-4730-8075-4EF9D51C8857-768x432.png 768w, https:\/\/latribunera.com\/apuntes\/wp-content\/uploads\/2020\/05\/5866A09B-B934-4730-8075-4EF9D51C8857-1536x864.png 1536w, https:\/\/latribunera.com\/apuntes\/wp-content\/uploads\/2020\/05\/5866A09B-B934-4730-8075-4EF9D51C8857-2048x1152.png 2048w\" sizes=\"auto, (max-width: 1024px) 100vw, 1024px\" \/><\/figure>\n\n\n\n<p>Buen partido de futbol que da sensaciones de que por fin Nico Sosa podr\u00eda perder el invicto en el torneo.<\/p>\n\n\n\n<p>Minuto 35\u2019 y ten\u00edamos otra llegada de Toluca, disparo que pasaba cerca de la porter\u00eda de Cota, parecia que ten\u00edamos el 2-0. Llegaba el final del primer tiempo, Toluca se iba con la ventaja parcial 1-0 ante Le\u00f3n, escenario desconocido para Nico Sosa que parece ser que va en curva descendente.<\/p>\n\n\n\n<figure class=\"wp-block-image size-large\"><img loading=\"lazy\" decoding=\"async\" width=\"1024\" height=\"576\" src=\"https:\/\/latribunera.com\/apuntes\/wp-content\/uploads\/2020\/05\/191D2A9E-28AD-4414-8B98-AF80BFD6B9CA-1024x576.png\" alt=\"\" class=\"wp-image-6261\" srcset=\"https:\/\/latribunera.com\/apuntes\/wp-content\/uploads\/2020\/05\/191D2A9E-28AD-4414-8B98-AF80BFD6B9CA-1024x576.png 1024w, https:\/\/latribunera.com\/apuntes\/wp-content\/uploads\/2020\/05\/191D2A9E-28AD-4414-8B98-AF80BFD6B9CA-300x169.png 300w, https:\/\/latribunera.com\/apuntes\/wp-content\/uploads\/2020\/05\/191D2A9E-28AD-4414-8B98-AF80BFD6B9CA-768x432.png 768w, https:\/\/latribunera.com\/apuntes\/wp-content\/uploads\/2020\/05\/191D2A9E-28AD-4414-8B98-AF80BFD6B9CA-1536x864.png 1536w, https:\/\/latribunera.com\/apuntes\/wp-content\/uploads\/2020\/05\/191D2A9E-28AD-4414-8B98-AF80BFD6B9CA-2048x1152.png 2048w\" sizes=\"auto, (max-width: 1024px) 100vw, 1024px\" \/><\/figure>\n\n\n\n<p>Comienzo de la parte complementaria, empez\u00e1bamos como terminamos, minuto 56\u2019 y el Toluca intentaba replicar el primer gol que hab\u00eda echo de la mano de Canelo. Minuto 60\u2019 y por fin Toluca lo consegu\u00eda, 2-0 a favor de los diablos que le estaban pegando al superl\u00edder Le\u00f3n que parece ser que por fin perder\u00e1n un partido en esta eLIGA MX.<\/p>\n\n\n\n<p>Transcurr\u00eda el tiempo y Le\u00f3n no lograba concretar ninguna jugada clara a porter\u00eda. Minuto 77\u2019, primera llegada de la fiera y gol de Ismael Sosa que con un disparo cruzado consegu\u00eda el descuento. 8 minutos por jugar y Nico Sosa estaba en resurrecci\u00f3n. Partido que volv\u00eda a tener un ida y vuelta interesante que pod\u00eda tener la esperanza de la fiera para empatar.<\/p>\n\n\n\n<p>\u00daltimo contragolpe y Le\u00f3n quer\u00eda el empate, disparo de Nico Sosa que se iba a tiro de esquina que no pasaba nada y el Toluca le pagaba al s\u00faper l\u00edder, resultado in\u00e9dito, impresionante lo que hemos visto. Con este resultado Toluca llega a 26 puntos en la tercera posici\u00f3n, por su parte, Leon se queda en primer lugar con 32 unidades pero sin invicto, que gran manera de comenzar el Domingo.<\/p>\n\n\n\n<h2 class=\"wp-block-heading\">Y LAS CHIVAS GANAN EL PRIMER ECL\u00c1SICO NACIONAL<\/h2>\n\n\n\n<figure class=\"wp-block-embed-twitter wp-block-embed is-type-rich is-provider-twitter\"><div class=\"wp-block-embed__wrapper\">\n<blockquote class=\"twitter-tweet\" data-width=\"550\" data-dnt=\"true\"><p lang=\"es\" dir=\"ltr\">\ud83c\udde6\ud83c\uddf9 \u00a1EL eCL\u00c1SICO NACIONAL ES ROJIBLANCO! \ud83c\udde6\ud83c\uddf9<br><br>Con un graaan primer tiempo de <a href=\"https:\/\/twitter.com\/FerbBeltran?ref_src=twsrc%5Etfw\">@FerbBeltran<\/a>, derrotamos al Am\u00e9rica en la <a href=\"https:\/\/twitter.com\/hashtag\/eLigaMx?src=hash&amp;ref_src=twsrc%5Etfw\">#eLigaMx<\/a> \ud83d\udc4a\ud83c\udfc6\ud83c\udfae<a href=\"https:\/\/twitter.com\/hashtag\/Beltranismo?src=hash&amp;ref_src=twsrc%5Etfw\">#Beltranismo<\/a> <a href=\"https:\/\/t.co\/YWLT6WiiEx\">pic.twitter.com\/YWLT6WiiEx<\/a><\/p>&mdash; CHIVAS a lavarte las manos (@Chivas) <a href=\"https:\/\/twitter.com\/Chivas\/status\/1264647847158280192?ref_src=twsrc%5Etfw\">May 24, 2020<\/a><\/blockquote><script async src=\"https:\/\/platform.twitter.com\/widgets.js\" charset=\"utf-8\"><\/script>\n<\/div><\/figure>\n\n\n\n<p>Inicio del segundo partido del d\u00eda, cl\u00e1sico nacional, Chivas vs America, iniciaban las acciones con un Chivas que empezaba a llegar con un tiro de Orible Peralta que posteriormente Memo Ochoa atajar\u00eda con tranquilidad.<\/p>\n\n\n\n<p>Minuto 6\u2019 y ten\u00edamos la primera amarilla para el America, C\u00f3rdova era amonestado despu\u00e9s de un pisot\u00f3n. Primeros minutos de apremio al america que se ver\u00eda reflejado en el 1-0 a favor del reba\u00f1o sagrado, Vega se hacia presente en el marcador, que manera de empezar el cl\u00e1sico nacional se\u00f1oras y se\u00f1ores.<\/p>\n\n\n\n<figure class=\"wp-block-image size-large\"><img loading=\"lazy\" decoding=\"async\" width=\"1024\" height=\"576\" src=\"https:\/\/latribunera.com\/apuntes\/wp-content\/uploads\/2020\/05\/A3425B95-B8BC-4CD8-97E1-6A173288ADF6-1024x576.jpeg\" alt=\"\" class=\"wp-image-6247\" srcset=\"https:\/\/latribunera.com\/apuntes\/wp-content\/uploads\/2020\/05\/A3425B95-B8BC-4CD8-97E1-6A173288ADF6-1024x576.jpeg 1024w, https:\/\/latribunera.com\/apuntes\/wp-content\/uploads\/2020\/05\/A3425B95-B8BC-4CD8-97E1-6A173288ADF6-300x169.jpeg 300w, https:\/\/latribunera.com\/apuntes\/wp-content\/uploads\/2020\/05\/A3425B95-B8BC-4CD8-97E1-6A173288ADF6-768x432.jpeg 768w, https:\/\/latribunera.com\/apuntes\/wp-content\/uploads\/2020\/05\/A3425B95-B8BC-4CD8-97E1-6A173288ADF6.jpeg 1074w\" sizes=\"auto, (max-width: 1024px) 100vw, 1024px\" \/><\/figure>\n\n\n\n<p>Continuaba el partido y entr\u00e1bamos en un proceso de transici\u00f3n, minuto 33\u2019 y ten\u00edamos el 2-0 del las Chivas por conducto de Oribe Peralta, empezabamos a ver un dominio rojiblanco muy marcado que volver\u00edamos a verlo en el doblete de Orible Peralta al 43\u2019 que significaba el 3-0 en el marcador. Fin del primer tiempo que nos deja con un sabor de un partido sorprendente y que muy pocos esper\u00e1bamos.<\/p>\n\n\n\n<figure class=\"wp-block-image size-large\"><img loading=\"lazy\" decoding=\"async\" width=\"1024\" height=\"577\" src=\"https:\/\/latribunera.com\/apuntes\/wp-content\/uploads\/2020\/05\/1500EB06-D3D3-4361-9FDA-209E45BB34B2-1024x577.jpeg\" alt=\"\" class=\"wp-image-6249\" srcset=\"https:\/\/latribunera.com\/apuntes\/wp-content\/uploads\/2020\/05\/1500EB06-D3D3-4361-9FDA-209E45BB34B2-1024x577.jpeg 1024w, https:\/\/latribunera.com\/apuntes\/wp-content\/uploads\/2020\/05\/1500EB06-D3D3-4361-9FDA-209E45BB34B2-300x169.jpeg 300w, https:\/\/latribunera.com\/apuntes\/wp-content\/uploads\/2020\/05\/1500EB06-D3D3-4361-9FDA-209E45BB34B2-768x433.jpeg 768w, https:\/\/latribunera.com\/apuntes\/wp-content\/uploads\/2020\/05\/1500EB06-D3D3-4361-9FDA-209E45BB34B2.jpeg 1079w\" sizes=\"auto, (max-width: 1024px) 100vw, 1024px\" \/><\/figure>\n\n\n\n<p>Comienzo de acciones complementarias, Chivas por la goleada y el America por la hist\u00f3rica, pasaban los minutos y parec\u00eda ser que Chivas dejar\u00eda el ataque para enfriar el partido. Llegaba el minuto 65\u2019 y el America ya pegaba, 3-1 por cortes\u00eda de Roger Martinez que ya nos empezaba a imaginar que esto no seria lo \u00fanico que ver\u00edamos.<\/p>\n\n\n\n<p>Empez\u00e1bamos a ver el final del partido, segundo tiempo que pasaba muy poco y nos dejaba con un sabor amargo pro lo visto en lo primero, con este resultado, Chivas llega a 20 puntos, por otro lado, el Ame se queda con 21 y poco a poco se revierten los papeles en este eDuelo nacional.<\/p>\n","protected":false},"excerpt":{"rendered":"<p>SUPERL\u00cdDER SIN INVICTO Comienzo del primer partido del d\u00eda, Toluca vs Le\u00f3n, empezaba probablemente el mejor juego junto al cl\u00e1sico nacional que tendr\u00edamos en minutos. Partido que empezaba con el s\u00faper l\u00edder Le\u00f3n empujando para empezar a hacer el gol que lo adelantar\u00eda en el partido. Minuto 13\u2019 y primera llamada de atenci\u00f3n por parte&#8230; <\/p>\n<div class=\"clear\"><\/div>\n<p><a href=\"https:\/\/latribunera.com\/apuntes\/index.php\/2020\/05\/24\/cierre-de-acciones-jornada-13-eliga-mx\/\" class=\"excerpt-read-more\">Read More<i class=\"fa fa-caret-right icon-caret-right\"><\/i><\/a><\/p>\n","protected":false},"author":2,"featured_media":6133,"comment_status":"open","ping_status":"open","sticky":false,"template":"","format":"standard","meta":{"_jetpack_memberships_contains_paid_content":false,"footnotes":""},"categories":[2],"tags":[],"class_list":["post-6232","post","type-post","status-publish","format-standard","has-post-thumbnail","hentry","category-futbol-mexicano"],"jetpack_featured_media_url":"https:\/\/latribunera.com\/apuntes\/wp-content\/uploads\/2020\/05\/FA79AC3D-88D3-4216-9D60-F706E7F36ECE.png","jetpack-related-posts":[{"id":45392,"url":"https:\/\/latribunera.com\/apuntes\/index.php\/2026\/04\/09\/se-presento-la-13va-edicion-del-guerreton\/","url_meta":{"origin":6232,"position":0},"title":"Se presento la 13va edici\u00f3n del Guerret\u00f3n.","author":"Staff","date":"9 abril, 2026","format":false,"excerpt":"A lo largo de sus primeras 12 ediciones, Guerret\u00f3n ha logrado recolectar m\u00e1s de 121,500juguetes, peluches y balones, beneficiando a diversas asociaciones e instituciones de laregi\u00f3n lagunera, entre ellas CRIT Durango, los sistemas DIF de distintos municipios, as\u00edcomo organizaciones educativas y asistenciales. A la fecha, se han instalado cuatro ludotecas\u2026","rel":"","context":"In &quot;Ganar Sirviendo&quot;","block_context":{"text":"Ganar Sirviendo","link":"https:\/\/latribunera.com\/apuntes\/index.php\/category\/futbol\/futbol-mexicano\/ganar-sirviendo\/"},"img":{"alt_text":"","src":"https:\/\/i0.wp.com\/latribunera.com\/apuntes\/wp-content\/uploads\/2026\/04\/9Guerreton-2026-2.jpg.jpeg?resize=350%2C200&ssl=1","width":350,"height":200,"srcset":"https:\/\/i0.wp.com\/latribunera.com\/apuntes\/wp-content\/uploads\/2026\/04\/9Guerreton-2026-2.jpg.jpeg?resize=350%2C200&ssl=1 1x, https:\/\/i0.wp.com\/latribunera.com\/apuntes\/wp-content\/uploads\/2026\/04\/9Guerreton-2026-2.jpg.jpeg?resize=525%2C300&ssl=1 1.5x, https:\/\/i0.wp.com\/latribunera.com\/apuntes\/wp-content\/uploads\/2026\/04\/9Guerreton-2026-2.jpg.jpeg?resize=700%2C400&ssl=1 2x, https:\/\/i0.wp.com\/latribunera.com\/apuntes\/wp-content\/uploads\/2026\/04\/9Guerreton-2026-2.jpg.jpeg?resize=1050%2C600&ssl=1 3x, https:\/\/i0.wp.com\/latribunera.com\/apuntes\/wp-content\/uploads\/2026\/04\/9Guerreton-2026-2.jpg.jpeg?resize=1400%2C800&ssl=1 4x"},"classes":[]},{"id":45386,"url":"https:\/\/latribunera.com\/apuntes\/index.php\/2026\/03\/11\/santos-launa-impulsa-mejoras-en-la-infraestructura-de-tsm-y-estadio-corona\/","url_meta":{"origin":6232,"position":1},"title":"Santos Laguna impulsa mejoras en la infraestructura de TSM y Estadio Corona","author":"Jacob Alarcon","date":"11 marzo, 2026","format":false,"excerpt":"Club Santos Laguna lleva a cabo una serie de reformas y mejoras en la infraestructura de TerritorioSantos Modelo y del Estadio Corona, con el objetivo de impulsar la innovaci\u00f3n tecnol\u00f3gica, lasostenibilidad y la modernizaci\u00f3n de sus espacios.Con estas acciones, el club contin\u00faa fortaleciendo la experiencia de sus aficionados yactualizando sus\u2026","rel":"","context":"In &quot;Pasi\u00f3n Guerrera&quot;","block_context":{"text":"Pasi\u00f3n Guerrera","link":"https:\/\/latribunera.com\/apuntes\/index.php\/category\/tribus\/pasionguerrera\/"},"img":{"alt_text":"","src":"https:\/\/i0.wp.com\/latribunera.com\/apuntes\/wp-content\/uploads\/2026\/03\/Renovacion-TSM.jpg?resize=350%2C200&ssl=1","width":350,"height":200,"srcset":"https:\/\/i0.wp.com\/latribunera.com\/apuntes\/wp-content\/uploads\/2026\/03\/Renovacion-TSM.jpg?resize=350%2C200&ssl=1 1x, https:\/\/i0.wp.com\/latribunera.com\/apuntes\/wp-content\/uploads\/2026\/03\/Renovacion-TSM.jpg?resize=525%2C300&ssl=1 1.5x, https:\/\/i0.wp.com\/latribunera.com\/apuntes\/wp-content\/uploads\/2026\/03\/Renovacion-TSM.jpg?resize=700%2C400&ssl=1 2x, https:\/\/i0.wp.com\/latribunera.com\/apuntes\/wp-content\/uploads\/2026\/03\/Renovacion-TSM.jpg?resize=1050%2C600&ssl=1 3x, https:\/\/i0.wp.com\/latribunera.com\/apuntes\/wp-content\/uploads\/2026\/03\/Renovacion-TSM.jpg?resize=1400%2C800&ssl=1 4x"},"classes":[]},{"id":45421,"url":"https:\/\/latribunera.com\/apuntes\/index.php\/2026\/04\/16\/todo-listo-para-la-14va-edicion-de-la-copa-internacional-santos-penoles\/","url_meta":{"origin":6232,"position":2},"title":"Todo listo para la 14va edici\u00f3n de la Copa Internacional Santos Pe\u00f1oles","author":"Jacob Alarcon","date":"16 abril, 2026","format":false,"excerpt":"Este jueves, en el Auditorio Orlegi de Territorio Santos Modelo, se llev\u00f3 a cabo la presentaci\u00f3noficial de la edici\u00f3n 2026 de la Copa Internacional Santos Pe\u00f1oles, torneo que se ha consolidadocomo uno de los m\u00e1s importantes a nivel infantil y juvenil en M\u00e9xico. Adem\u00e1s de brindar una competencia deportiva de\u2026","rel":"","context":"In &quot;Sin categor\u00eda&quot;","block_context":{"text":"Sin categor\u00eda","link":"https:\/\/latribunera.com\/apuntes\/index.php\/category\/sin-categoria\/"},"img":{"alt_text":"","src":"https:\/\/i0.wp.com\/latribunera.com\/apuntes\/wp-content\/uploads\/2026\/04\/Presentacion-Copa-Santos-Penoles.jpg?resize=350%2C200&ssl=1","width":350,"height":200,"srcset":"https:\/\/i0.wp.com\/latribunera.com\/apuntes\/wp-content\/uploads\/2026\/04\/Presentacion-Copa-Santos-Penoles.jpg?resize=350%2C200&ssl=1 1x, https:\/\/i0.wp.com\/latribunera.com\/apuntes\/wp-content\/uploads\/2026\/04\/Presentacion-Copa-Santos-Penoles.jpg?resize=525%2C300&ssl=1 1.5x, https:\/\/i0.wp.com\/latribunera.com\/apuntes\/wp-content\/uploads\/2026\/04\/Presentacion-Copa-Santos-Penoles.jpg?resize=700%2C400&ssl=1 2x, https:\/\/i0.wp.com\/latribunera.com\/apuntes\/wp-content\/uploads\/2026\/04\/Presentacion-Copa-Santos-Penoles.jpg?resize=1050%2C600&ssl=1 3x, https:\/\/i0.wp.com\/latribunera.com\/apuntes\/wp-content\/uploads\/2026\/04\/Presentacion-Copa-Santos-Penoles.jpg?resize=1400%2C800&ssl=1 4x"},"classes":[]}],"jetpack_sharing_enabled":true,"_links":{"self":[{"href":"https:\/\/latribunera.com\/apuntes\/index.php\/wp-json\/wp\/v2\/posts\/6232","targetHints":{"allow":["GET"]}}],"collection":[{"href":"https:\/\/latribunera.com\/apuntes\/index.php\/wp-json\/wp\/v2\/posts"}],"about":[{"href":"https:\/\/latribunera.com\/apuntes\/index.php\/wp-json\/wp\/v2\/types\/post"}],"author":[{"embeddable":true,"href":"https:\/\/latribunera.com\/apuntes\/index.php\/wp-json\/wp\/v2\/users\/2"}],"replies":[{"embeddable":true,"href":"https:\/\/latribunera.com\/apuntes\/index.php\/wp-json\/wp\/v2\/comments?post=6232"}],"version-history":[{"count":10,"href":"https:\/\/latribunera.com\/apuntes\/index.php\/wp-json\/wp\/v2\/posts\/6232\/revisions"}],"predecessor-version":[{"id":6262,"href":"https:\/\/latribunera.com\/apuntes\/index.php\/wp-json\/wp\/v2\/posts\/6232\/revisions\/6262"}],"wp:featuredmedia":[{"embeddable":true,"href":"https:\/\/latribunera.com\/apuntes\/index.php\/wp-json\/wp\/v2\/media\/6133"}],"wp:attachment":[{"href":"https:\/\/latribunera.com\/apuntes\/index.php\/wp-json\/wp\/v2\/media?parent=6232"}],"wp:term":[{"taxonomy":"category","embeddable":true,"href":"https:\/\/latribunera.com\/apuntes\/index.php\/wp-json\/wp\/v2\/categories?post=6232"},{"taxonomy":"post_tag","embeddable":true,"href":"https:\/\/latribunera.com\/apuntes\/index.php\/wp-json\/wp\/v2\/tags?post=6232"}],"curies":[{"name":"wp","href":"https:\/\/api.w.org\/{rel}","templated":true}]}}