{"id":6309,"date":"2020-05-28T19:21:02","date_gmt":"2020-05-28T19:21:02","guid":{"rendered":"https:\/\/latribunera.com\/apuntes\/?p=6309"},"modified":"2020-05-28T20:08:43","modified_gmt":"2020-05-28T20:08:43","slug":"6309","status":"publish","type":"post","link":"https:\/\/latribunera.com\/apuntes\/index.php\/2020\/05\/28\/6309\/","title":{"rendered":"e-CLASICO REGIO"},"content":{"rendered":"\n<h2 class=\"wp-block-heading\">TIGRES GANA EL PRIMER ECLASICO REGIO SOBRE RAYADOS<\/h2>\n\n\n\n<p>Comienza el cl\u00e1sico regio, partido que disputa Nahuel Guzm\u00e1n y Eric Cant\u00fa. Primeros minutos intensos del partido que intercambiaban llegadas sin pasar a m\u00e1s peligro. <\/p>\n\n\n\n<p>Llegaba el minuto 11\u2019 y venia el primer gol, Rogelio Funes Mori se hacia presente con un disparo cruzado al segundo poste de Nahuel Guzm\u00e1n donde no pudo hacer nada, ya lo har\u00e1 Rayados 1-0 en el primer eClasico Regio de la historia.<\/p>\n\n\n\n<figure class=\"wp-block-image size-large\"><img loading=\"lazy\" decoding=\"async\" width=\"1024\" height=\"577\" src=\"https:\/\/latribunera.com\/apuntes\/wp-content\/uploads\/2020\/05\/894FE602-C683-46C1-93CB-95B0162BAA78-1024x577.jpeg\" alt=\"\" class=\"wp-image-6310\" srcset=\"https:\/\/latribunera.com\/apuntes\/wp-content\/uploads\/2020\/05\/894FE602-C683-46C1-93CB-95B0162BAA78-1024x577.jpeg 1024w, https:\/\/latribunera.com\/apuntes\/wp-content\/uploads\/2020\/05\/894FE602-C683-46C1-93CB-95B0162BAA78-300x169.jpeg 300w, https:\/\/latribunera.com\/apuntes\/wp-content\/uploads\/2020\/05\/894FE602-C683-46C1-93CB-95B0162BAA78-768x433.jpeg 768w, https:\/\/latribunera.com\/apuntes\/wp-content\/uploads\/2020\/05\/894FE602-C683-46C1-93CB-95B0162BAA78.jpeg 1235w\" sizes=\"auto, (max-width: 1024px) 100vw, 1024px\" \/><\/figure>\n\n\n\n<p>Empezaban a pasar los minutos y Tigres poco a poco tomaba la posesi\u00f3n del bal\u00f3n y partido, Rayados por momentos venia con r\u00e1fagas verdaderamente peligrosas.<\/p>\n\n\n\n<p>Pasaban pocos minutos y al minuto 29\u2019 los Tigres empataban el partido con jugada del Franc\u00e9s Gignac que se iba solo y venc\u00eda sin dificultades a Marcelo Barovero.<\/p>\n\n\n\n<figure class=\"wp-block-image size-large\"><img loading=\"lazy\" decoding=\"async\" width=\"1024\" height=\"579\" src=\"https:\/\/latribunera.com\/apuntes\/wp-content\/uploads\/2020\/05\/370FA2EE-2063-48F3-87F9-BE1882AFCB99-1024x579.jpeg\" alt=\"\" class=\"wp-image-6311\" srcset=\"https:\/\/latribunera.com\/apuntes\/wp-content\/uploads\/2020\/05\/370FA2EE-2063-48F3-87F9-BE1882AFCB99-1024x579.jpeg 1024w, https:\/\/latribunera.com\/apuntes\/wp-content\/uploads\/2020\/05\/370FA2EE-2063-48F3-87F9-BE1882AFCB99-300x170.jpeg 300w, https:\/\/latribunera.com\/apuntes\/wp-content\/uploads\/2020\/05\/370FA2EE-2063-48F3-87F9-BE1882AFCB99-768x434.jpeg 768w, https:\/\/latribunera.com\/apuntes\/wp-content\/uploads\/2020\/05\/370FA2EE-2063-48F3-87F9-BE1882AFCB99.jpeg 1237w\" sizes=\"auto, (max-width: 1024px) 100vw, 1024px\" \/><figcaption>Empate por cortes\u00eda de Andree-Pierre Gignac<\/figcaption><\/figure>\n\n\n\n<p>Se\u00f1oras y se\u00f1ores, ten\u00edamos partido, juego electrizante que r\u00e1pidamente recib\u00eda 2 goles de ambos clubes, Aviles Hurtado y Andree-Pierre Gignac anotaban el 2-2 en un juego a la altura de las expectativas que el cl\u00e1sico regiomontano siempre nos da.<\/p>\n\n\n\n<figure class=\"wp-block-image size-large\"><img loading=\"lazy\" decoding=\"async\" width=\"1024\" height=\"575\" src=\"https:\/\/latribunera.com\/apuntes\/wp-content\/uploads\/2020\/05\/A0B992CA-AD24-432F-8685-69E761A91350-1024x575.jpeg\" alt=\"\" class=\"wp-image-6312\" srcset=\"https:\/\/latribunera.com\/apuntes\/wp-content\/uploads\/2020\/05\/A0B992CA-AD24-432F-8685-69E761A91350-1024x575.jpeg 1024w, https:\/\/latribunera.com\/apuntes\/wp-content\/uploads\/2020\/05\/A0B992CA-AD24-432F-8685-69E761A91350-300x168.jpeg 300w, https:\/\/latribunera.com\/apuntes\/wp-content\/uploads\/2020\/05\/A0B992CA-AD24-432F-8685-69E761A91350-768x431.jpeg 768w, https:\/\/latribunera.com\/apuntes\/wp-content\/uploads\/2020\/05\/A0B992CA-AD24-432F-8685-69E761A91350.jpeg 1244w\" sizes=\"auto, (max-width: 1024px) 100vw, 1024px\" \/><figcaption>A. Hurtado anotando el 2-1 a favor de Rayados.<\/figcaption><\/figure>\n\n\n\n<p>Se acercaba el final del primer tiempo, y todav\u00eda ten\u00edamos m\u00e1s, los Tigres ya remontaban y Gignac lograba su Hat-Trick para poner el 3-2 al marcador y oficializar de momento al final del primer tiempo la remontada felina para irnos al descanso.<\/p>\n\n\n\n<figure class=\"wp-block-image size-large\"><img loading=\"lazy\" decoding=\"async\" width=\"1024\" height=\"574\" src=\"https:\/\/latribunera.com\/apuntes\/wp-content\/uploads\/2020\/05\/7EC77DE5-21E3-4B84-AAD0-C04CCCC51013-1024x574.jpeg\" alt=\"\" class=\"wp-image-6313\" srcset=\"https:\/\/latribunera.com\/apuntes\/wp-content\/uploads\/2020\/05\/7EC77DE5-21E3-4B84-AAD0-C04CCCC51013-1024x574.jpeg 1024w, https:\/\/latribunera.com\/apuntes\/wp-content\/uploads\/2020\/05\/7EC77DE5-21E3-4B84-AAD0-C04CCCC51013-300x168.jpeg 300w, https:\/\/latribunera.com\/apuntes\/wp-content\/uploads\/2020\/05\/7EC77DE5-21E3-4B84-AAD0-C04CCCC51013-768x430.jpeg 768w, https:\/\/latribunera.com\/apuntes\/wp-content\/uploads\/2020\/05\/7EC77DE5-21E3-4B84-AAD0-C04CCCC51013.jpeg 1239w\" sizes=\"auto, (max-width: 1024px) 100vw, 1024px\" \/><figcaption>Gignac celebrando con sus compa\u00f1eros<\/figcaption><\/figure>\n\n\n\n<p>Comienza el segundo tiempo, partido con tintes de tener muchos goles m\u00e1s y diversi\u00f3n para todos los espectadores.<\/p>\n\n\n\n<p>Minuto 54\u2019 y Funes Mori fallaba una oportunidad clara de gol, que pudo haber sido el empate rayado. 5 minutos despu\u00e9s y poste de Tigres, partido que ganaba un ida y vuelta incesante, 1 minuto despu\u00e9s y llegaba el 4to gol de Tigres al 56\u2019, P\u00f3ker del Franc\u00e9s felino que se despachaba con la cuchara grande ante el Monterrey, partido que se empezaba a finiquitar poco a poco y pon\u00eda a Eric Cant\u00fa en una situaci\u00f3n adversa.<\/p>\n\n\n\n<figure class=\"wp-block-image size-large\"><img loading=\"lazy\" decoding=\"async\" width=\"1024\" height=\"579\" src=\"https:\/\/latribunera.com\/apuntes\/wp-content\/uploads\/2020\/05\/5EE0A059-63C1-4B5A-8BCE-E949DE562BC6-1024x579.jpeg\" alt=\"\" class=\"wp-image-6314\" srcset=\"https:\/\/latribunera.com\/apuntes\/wp-content\/uploads\/2020\/05\/5EE0A059-63C1-4B5A-8BCE-E949DE562BC6-1024x579.jpeg 1024w, https:\/\/latribunera.com\/apuntes\/wp-content\/uploads\/2020\/05\/5EE0A059-63C1-4B5A-8BCE-E949DE562BC6-300x170.jpeg 300w, https:\/\/latribunera.com\/apuntes\/wp-content\/uploads\/2020\/05\/5EE0A059-63C1-4B5A-8BCE-E949DE562BC6-768x435.jpeg 768w, https:\/\/latribunera.com\/apuntes\/wp-content\/uploads\/2020\/05\/5EE0A059-63C1-4B5A-8BCE-E949DE562BC6.jpeg 1239w\" sizes=\"auto, (max-width: 1024px) 100vw, 1024px\" \/><figcaption>4to gol de Tigres sobre Monterrey<\/figcaption><\/figure>\n\n\n\n<p>Pasaban otros pocos minutos y que creen, ten\u00edamos otro gol y as\u00ed es, otro gol de Andree-Pierre Gignac sobre Rayados que ya pon\u00eda el partido 5-2 con 20 minutos por jugarse y empezando a terminar con el invicto de Eric Cant\u00fa.<\/p>\n\n\n\n<p>Ten\u00edamos un baile felino en el universitario, al 76\u2019 volv\u00eda anotar Tigres con gol de Javier Aquino en una jugada individual que se quito a todos los defensas de Monterrey, entraba solo y resolv\u00eda sin problemas en la porter\u00eda de Marcelo Barovero.<\/p>\n\n\n\n<p>Nahuel Guzm\u00e1n nos dejaba sin respiro, al 81\u2019 teniamos otro gol de Tigres que pon\u00eda el 7-2 al marcador que a la postre, \u00e9l canterano rayado anotar\u00eda el 3ro y 4to a la causa rayada para hacer mas decoroso el resultado en una dolorosa derrota para Rayados ante su ac\u00e9rrimo rival.<\/p>\n\n\n\n<p>Lleg\u00e1bamos al final del partido, Tigres gana el primer cl\u00e1sico regiomontano en la eLiga MX al vencer a Rayados 7-4 con una actuaci\u00f3n sobresaliente de Gignac, son este resultado, Tigres llega a 19 puntos en la d\u00e9cima posici\u00f3n, por su parte, Rayados se queda en s\u00e9ptimo con 21 puntos y perdiendo aire en la competencia. <\/p>\n","protected":false},"excerpt":{"rendered":"<p>TIGRES GANA EL PRIMER ECLASICO REGIO SOBRE RAYADOS Comienza el cl\u00e1sico regio, partido que disputa Nahuel Guzm\u00e1n y Eric Cant\u00fa. Primeros minutos intensos del partido que intercambiaban llegadas sin pasar a m\u00e1s peligro. Llegaba el minuto 11\u2019 y venia el primer gol, Rogelio Funes Mori se hacia presente con un disparo cruzado al segundo poste&#8230; <\/p>\n<div class=\"clear\"><\/div>\n<p><a href=\"https:\/\/latribunera.com\/apuntes\/index.php\/2020\/05\/28\/6309\/\" class=\"excerpt-read-more\">Read More<i class=\"fa fa-caret-right icon-caret-right\"><\/i><\/a><\/p>\n","protected":false},"author":2,"featured_media":6323,"comment_status":"open","ping_status":"open","sticky":false,"template":"","format":"standard","meta":{"_jetpack_memberships_contains_paid_content":false,"footnotes":""},"categories":[2],"tags":[],"class_list":["post-6309","post","type-post","status-publish","format-standard","has-post-thumbnail","hentry","category-futbol-mexicano"],"jetpack_featured_media_url":"https:\/\/latribunera.com\/apuntes\/wp-content\/uploads\/2020\/05\/BDCEB247-E95F-4A0D-B293-BBA339B3ABBF.png","jetpack-related-posts":[{"id":45478,"url":"https:\/\/latribunera.com\/apuntes\/index.php\/2026\/08\/11\/club-santos-laguna-ofrece-a-su-aficion-el-pack-vs-chivas-tigres\/","url_meta":{"origin":6309,"position":0},"title":"Club Santos Laguna ofrece a su afici\u00f3n el pack vs Chivas + Tigres","author":"Staff","date":"11 agosto, 2026","format":false,"excerpt":"\u2022 El paquete asegura dos de los tres partidos de mayor demanda del semestre y da acceso preferente a la venta ante Tigres. Club Santos Laguna ofrece a su afici\u00f3n el Pack Santos vs Chivas + Tigres, un paquete especial que permite asegurar el lugar en dos de los duelos\u2026","rel":"","context":"In &quot;Pasi\u00f3n Guerrera&quot;","block_context":{"text":"Pasi\u00f3n Guerrera","link":"https:\/\/latribunera.com\/apuntes\/index.php\/category\/tribus\/pasionguerrera\/"},"img":{"alt_text":"","src":"https:\/\/i0.wp.com\/latribunera.com\/apuntes\/wp-content\/uploads\/2026\/08\/IMG-20260810-WA0178.jpg?resize=350%2C200&ssl=1","width":350,"height":200,"srcset":"https:\/\/i0.wp.com\/latribunera.com\/apuntes\/wp-content\/uploads\/2026\/08\/IMG-20260810-WA0178.jpg?resize=350%2C200&ssl=1 1x, https:\/\/i0.wp.com\/latribunera.com\/apuntes\/wp-content\/uploads\/2026\/08\/IMG-20260810-WA0178.jpg?resize=525%2C300&ssl=1 1.5x, https:\/\/i0.wp.com\/latribunera.com\/apuntes\/wp-content\/uploads\/2026\/08\/IMG-20260810-WA0178.jpg?resize=700%2C400&ssl=1 2x, https:\/\/i0.wp.com\/latribunera.com\/apuntes\/wp-content\/uploads\/2026\/08\/IMG-20260810-WA0178.jpg?resize=1050%2C600&ssl=1 3x, https:\/\/i0.wp.com\/latribunera.com\/apuntes\/wp-content\/uploads\/2026\/08\/IMG-20260810-WA0178.jpg?resize=1400%2C800&ssl=1 4x"},"classes":[]},{"id":45502,"url":"https:\/\/latribunera.com\/apuntes\/index.php\/2026\/08\/25\/el-corona-se-prepara-para-una-noche-especial-ante-tigres\/","url_meta":{"origin":6309,"position":1},"title":"El Corona se prepara para una noche especial ante Tigres","author":"Staff","date":"25 agosto, 2026","format":false,"excerpt":"Un nuevo duelo en el Estadio Corona est\u00e1 cada vez m\u00e1s cerca y la afici\u00f3n santista se prepara para vivir una noche llena de emociones. Los Guerreros recibir\u00e1n a Tigres este s\u00e1bado 29 de agosto a las 21:10 horas, en partido correspondiente a la jornada 6 del Torneo Apertura 2026.\u2026","rel":"","context":"In &quot;Pasi\u00f3n Guerrera&quot;","block_context":{"text":"Pasi\u00f3n Guerrera","link":"https:\/\/latribunera.com\/apuntes\/index.php\/category\/tribus\/pasionguerrera\/"},"img":{"alt_text":"","src":"https:\/\/i0.wp.com\/latribunera.com\/apuntes\/wp-content\/uploads\/2026\/08\/Drones-TSM.jpg?resize=350%2C200&ssl=1","width":350,"height":200,"srcset":"https:\/\/i0.wp.com\/latribunera.com\/apuntes\/wp-content\/uploads\/2026\/08\/Drones-TSM.jpg?resize=350%2C200&ssl=1 1x, https:\/\/i0.wp.com\/latribunera.com\/apuntes\/wp-content\/uploads\/2026\/08\/Drones-TSM.jpg?resize=525%2C300&ssl=1 1.5x, https:\/\/i0.wp.com\/latribunera.com\/apuntes\/wp-content\/uploads\/2026\/08\/Drones-TSM.jpg?resize=700%2C400&ssl=1 2x, https:\/\/i0.wp.com\/latribunera.com\/apuntes\/wp-content\/uploads\/2026\/08\/Drones-TSM.jpg?resize=1050%2C600&ssl=1 3x, https:\/\/i0.wp.com\/latribunera.com\/apuntes\/wp-content\/uploads\/2026\/08\/Drones-TSM.jpg?resize=1400%2C800&ssl=1 4x"},"classes":[]},{"id":45489,"url":"https:\/\/latribunera.com\/apuntes\/index.php\/2026\/08\/14\/santos-laguna-invita-a-su-aficion-a-pintar-de-verde-el-corona-ante-chivas\/","url_meta":{"origin":6309,"position":2},"title":"Santos Laguna invita a su afici\u00f3n a pintar de verde el Corona ante Chivas.","author":"Staff","date":"14 agosto, 2026","format":false,"excerpt":"\u2022 Los Guerreros regresan a casa con el envi\u00f3n an\u00edmico de su triunfo ante Philadelphia Union y buscar\u00e1n, junto a su afici\u00f3n, su primera victoria del Apertura 2026. Luego de cerrar su participaci\u00f3n en la Leagues Cup 2026 con una victoria de 2 a 0 sobre Philadelphia Union en el\u2026","rel":"","context":"In &quot;Liga MX&quot;","block_context":{"text":"Liga MX","link":"https:\/\/latribunera.com\/apuntes\/index.php\/category\/futbol\/futbol-mexicano\/"},"img":{"alt_text":"","src":"https:\/\/i0.wp.com\/latribunera.com\/apuntes\/wp-content\/uploads\/2026\/08\/IMG-20260814-WA0041.jpg?resize=350%2C200&ssl=1","width":350,"height":200,"srcset":"https:\/\/i0.wp.com\/latribunera.com\/apuntes\/wp-content\/uploads\/2026\/08\/IMG-20260814-WA0041.jpg?resize=350%2C200&ssl=1 1x, https:\/\/i0.wp.com\/latribunera.com\/apuntes\/wp-content\/uploads\/2026\/08\/IMG-20260814-WA0041.jpg?resize=525%2C300&ssl=1 1.5x, https:\/\/i0.wp.com\/latribunera.com\/apuntes\/wp-content\/uploads\/2026\/08\/IMG-20260814-WA0041.jpg?resize=700%2C400&ssl=1 2x, https:\/\/i0.wp.com\/latribunera.com\/apuntes\/wp-content\/uploads\/2026\/08\/IMG-20260814-WA0041.jpg?resize=1050%2C600&ssl=1 3x, https:\/\/i0.wp.com\/latribunera.com\/apuntes\/wp-content\/uploads\/2026\/08\/IMG-20260814-WA0041.jpg?resize=1400%2C800&ssl=1 4x"},"classes":[]},{"id":45392,"url":"https:\/\/latribunera.com\/apuntes\/index.php\/2026\/04\/09\/se-presento-la-13va-edicion-del-guerreton\/","url_meta":{"origin":6309,"position":3},"title":"Se presento la 13va edici\u00f3n del Guerret\u00f3n.","author":"Staff","date":"9 abril, 2026","format":false,"excerpt":"A lo largo de sus primeras 12 ediciones, Guerret\u00f3n ha logrado recolectar m\u00e1s de 121,500juguetes, peluches y balones, beneficiando a diversas asociaciones e instituciones de laregi\u00f3n lagunera, entre ellas CRIT Durango, los sistemas DIF de distintos municipios, as\u00edcomo organizaciones educativas y asistenciales. A la fecha, se han instalado cuatro ludotecas\u2026","rel":"","context":"In &quot;Ganar Sirviendo&quot;","block_context":{"text":"Ganar Sirviendo","link":"https:\/\/latribunera.com\/apuntes\/index.php\/category\/futbol\/futbol-mexicano\/ganar-sirviendo\/"},"img":{"alt_text":"","src":"https:\/\/i0.wp.com\/latribunera.com\/apuntes\/wp-content\/uploads\/2026\/04\/9Guerreton-2026-2.jpg.jpeg?resize=350%2C200&ssl=1","width":350,"height":200,"srcset":"https:\/\/i0.wp.com\/latribunera.com\/apuntes\/wp-content\/uploads\/2026\/04\/9Guerreton-2026-2.jpg.jpeg?resize=350%2C200&ssl=1 1x, https:\/\/i0.wp.com\/latribunera.com\/apuntes\/wp-content\/uploads\/2026\/04\/9Guerreton-2026-2.jpg.jpeg?resize=525%2C300&ssl=1 1.5x, https:\/\/i0.wp.com\/latribunera.com\/apuntes\/wp-content\/uploads\/2026\/04\/9Guerreton-2026-2.jpg.jpeg?resize=700%2C400&ssl=1 2x, https:\/\/i0.wp.com\/latribunera.com\/apuntes\/wp-content\/uploads\/2026\/04\/9Guerreton-2026-2.jpg.jpeg?resize=1050%2C600&ssl=1 3x, https:\/\/i0.wp.com\/latribunera.com\/apuntes\/wp-content\/uploads\/2026\/04\/9Guerreton-2026-2.jpg.jpeg?resize=1400%2C800&ssl=1 4x"},"classes":[]},{"id":45513,"url":"https:\/\/latribunera.com\/apuntes\/index.php\/2026\/08\/26\/exguerreros-mandan-mensajes-de-apoyo-a-santos-laguna\/","url_meta":{"origin":6309,"position":4},"title":"Exguerreros mandan mensajes de apoyo a Santos Laguna","author":"Staff","date":"26 agosto, 2026","format":false,"excerpt":"Exjugadores santistas comenzaron a manifestar su apoyo al Club Santos Laguna a trav\u00e9s de sus redes sociales, destacando la participaci\u00f3n de futbolistas de diferentes etapas en la historia de la instituci\u00f3n, recordados con mucho cari\u00f1o por la afici\u00f3n Guerrera y varios de ellos campeones con Santos Laguna. Entre quienes han\u2026","rel":"","context":"In &quot;Pasi\u00f3n Guerrera&quot;","block_context":{"text":"Pasi\u00f3n Guerrera","link":"https:\/\/latribunera.com\/apuntes\/index.php\/category\/tribus\/pasionguerrera\/"},"img":{"alt_text":"","src":"https:\/\/i0.wp.com\/latribunera.com\/apuntes\/wp-content\/uploads\/2026\/08\/Redes-Ex-Guerreros.jpg?resize=350%2C200&ssl=1","width":350,"height":200,"srcset":"https:\/\/i0.wp.com\/latribunera.com\/apuntes\/wp-content\/uploads\/2026\/08\/Redes-Ex-Guerreros.jpg?resize=350%2C200&ssl=1 1x, https:\/\/i0.wp.com\/latribunera.com\/apuntes\/wp-content\/uploads\/2026\/08\/Redes-Ex-Guerreros.jpg?resize=525%2C300&ssl=1 1.5x, https:\/\/i0.wp.com\/latribunera.com\/apuntes\/wp-content\/uploads\/2026\/08\/Redes-Ex-Guerreros.jpg?resize=700%2C400&ssl=1 2x, https:\/\/i0.wp.com\/latribunera.com\/apuntes\/wp-content\/uploads\/2026\/08\/Redes-Ex-Guerreros.jpg?resize=1050%2C600&ssl=1 3x, https:\/\/i0.wp.com\/latribunera.com\/apuntes\/wp-content\/uploads\/2026\/08\/Redes-Ex-Guerreros.jpg?resize=1400%2C800&ssl=1 4x"},"classes":[]},{"id":45462,"url":"https:\/\/latribunera.com\/apuntes\/index.php\/2026\/07\/27\/una-experiencia-unica-para-la-aficion-en-el-estadio-corona\/","url_meta":{"origin":6309,"position":5},"title":"Una experiencia \u00fanica para la afici\u00f3n en el Estadio Corona","author":"Staff","date":"27 julio, 2026","format":false,"excerpt":"El Estadio Corona vivi\u00f3 una noche llena de emociones, en la que la sinergia entre el equipo y la afici\u00f3n se hizo presente de principio a fin. M\u00e1s de 20 mil aficionados se dieron cita en la casa de los Guerreros para compartir una jornada llena de momentos especiales. Desde\u2026","rel":"","context":"In &quot;Liga MX&quot;","block_context":{"text":"Liga MX","link":"https:\/\/latribunera.com\/apuntes\/index.php\/category\/futbol\/futbol-mexicano\/"},"img":{"alt_text":"","src":"https:\/\/i0.wp.com\/latribunera.com\/apuntes\/wp-content\/uploads\/2026\/07\/Carlos-Acevedo-Protocol-Tunel-Jornada-2-vs-Atlas.jpg?resize=350%2C200&ssl=1","width":350,"height":200,"srcset":"https:\/\/i0.wp.com\/latribunera.com\/apuntes\/wp-content\/uploads\/2026\/07\/Carlos-Acevedo-Protocol-Tunel-Jornada-2-vs-Atlas.jpg?resize=350%2C200&ssl=1 1x, https:\/\/i0.wp.com\/latribunera.com\/apuntes\/wp-content\/uploads\/2026\/07\/Carlos-Acevedo-Protocol-Tunel-Jornada-2-vs-Atlas.jpg?resize=525%2C300&ssl=1 1.5x, https:\/\/i0.wp.com\/latribunera.com\/apuntes\/wp-content\/uploads\/2026\/07\/Carlos-Acevedo-Protocol-Tunel-Jornada-2-vs-Atlas.jpg?resize=700%2C400&ssl=1 2x, https:\/\/i0.wp.com\/latribunera.com\/apuntes\/wp-content\/uploads\/2026\/07\/Carlos-Acevedo-Protocol-Tunel-Jornada-2-vs-Atlas.jpg?resize=1050%2C600&ssl=1 3x, https:\/\/i0.wp.com\/latribunera.com\/apuntes\/wp-content\/uploads\/2026\/07\/Carlos-Acevedo-Protocol-Tunel-Jornada-2-vs-Atlas.jpg?resize=1400%2C800&ssl=1 4x"},"classes":[]}],"jetpack_sharing_enabled":true,"_links":{"self":[{"href":"https:\/\/latribunera.com\/apuntes\/index.php\/wp-json\/wp\/v2\/posts\/6309","targetHints":{"allow":["GET"]}}],"collection":[{"href":"https:\/\/latribunera.com\/apuntes\/index.php\/wp-json\/wp\/v2\/posts"}],"about":[{"href":"https:\/\/latribunera.com\/apuntes\/index.php\/wp-json\/wp\/v2\/types\/post"}],"author":[{"embeddable":true,"href":"https:\/\/latribunera.com\/apuntes\/index.php\/wp-json\/wp\/v2\/users\/2"}],"replies":[{"embeddable":true,"href":"https:\/\/latribunera.com\/apuntes\/index.php\/wp-json\/wp\/v2\/comments?post=6309"}],"version-history":[{"count":8,"href":"https:\/\/latribunera.com\/apuntes\/index.php\/wp-json\/wp\/v2\/posts\/6309\/revisions"}],"predecessor-version":[{"id":6322,"href":"https:\/\/latribunera.com\/apuntes\/index.php\/wp-json\/wp\/v2\/posts\/6309\/revisions\/6322"}],"wp:featuredmedia":[{"embeddable":true,"href":"https:\/\/latribunera.com\/apuntes\/index.php\/wp-json\/wp\/v2\/media\/6323"}],"wp:attachment":[{"href":"https:\/\/latribunera.com\/apuntes\/index.php\/wp-json\/wp\/v2\/media?parent=6309"}],"wp:term":[{"taxonomy":"category","embeddable":true,"href":"https:\/\/latribunera.com\/apuntes\/index.php\/wp-json\/wp\/v2\/categories?post=6309"},{"taxonomy":"post_tag","embeddable":true,"href":"https:\/\/latribunera.com\/apuntes\/index.php\/wp-json\/wp\/v2\/tags?post=6309"}],"curies":[{"name":"wp","href":"https:\/\/api.w.org\/{rel}","templated":true}]}}