{"id":6361,"date":"2020-06-05T19:15:20","date_gmt":"2020-06-05T19:15:20","guid":{"rendered":"https:\/\/latribunera.com\/apuntes\/?p=6361"},"modified":"2020-06-05T22:57:52","modified_gmt":"2020-06-05T22:57:52","slug":"6361","status":"publish","type":"post","link":"https:\/\/latribunera.com\/apuntes\/index.php\/2020\/06\/05\/6361\/","title":{"rendered":"COMIENZA JORNADA 17. ELIGA MX"},"content":{"rendered":"\n<h2 class=\"wp-block-heading\">LE\u00d3N SUBL\u00cdDER Y TIGRES ELIMINADO<\/h2>\n\n\n\n<figure class=\"wp-block-embed-twitter wp-block-embed is-type-rich is-provider-twitter\"><div class=\"wp-block-embed__wrapper\">\n<blockquote class=\"twitter-tweet\" data-width=\"550\" data-dnt=\"true\"><p lang=\"es\" dir=\"ltr\">MENSAJE \ud83d\udcbb<a href=\"https:\/\/twitter.com\/hashtag\/Fieronymus?src=hash&amp;ref_src=twsrc%5Etfw\">#Fieronymus<\/a> \ud83e\udd81 reapareci\u00f3 para recordar el exitoso camino de <a href=\"https:\/\/twitter.com\/hashtag\/Nickiller?src=hash&amp;ref_src=twsrc%5Etfw\">#Nickiller<\/a> \ud83d\ude45\ud83c\udffb\u200d\u2642\ufe0f hasta la e-LIGUILLA.<br><br>\u00a1VAMOS NICKILLER! <a href=\"https:\/\/t.co\/LewVgHoKR2\">pic.twitter.com\/LewVgHoKR2<\/a><\/p>&mdash; Club Le\u00f3n (@clubleonfc) <a href=\"https:\/\/twitter.com\/clubleonfc\/status\/1269030425885921281?ref_src=twsrc%5Etfw\">June 5, 2020<\/a><\/blockquote><script async src=\"https:\/\/platform.twitter.com\/widgets.js\" charset=\"utf-8\"><\/script>\n<\/div><\/figure>\n\n\n\n<p>Comenzaba el encuentro, primera jugada del partido, minuto 2\u2019 y ya lo empezaba ganando el Le\u00f3n, golazo del delantero de la fiera que aprovechaba la oportunidad y ya lo ganaba 1-0.<\/p>\n\n\n\n<p>Est\u00e1bamos viendo probablemente el regreso de Nikiller, primer tiempo dominante de la Fiera que parece ser que quiere finiquitar el encuentro. Pasaban los minutos y al 27\u2019 la fiera met\u00eda el 2-0 por cortes\u00eda de Campbell, zurdazo que dejaba sin oportunidad a Nahuel Guzman en la porter\u00eda felina. El panorama se pon\u00eda cada vez m\u00e1s negro para Tigres, al 33\u2019 llegaba el 3-0 de la fiera con un doblete de Campbell, golazo del tico que r\u00e1pidamente tenia respuesta de Tigres con Edu Vargas que intentaba empezar la remontada felina. Terminaba el primer tiempo, 3 a 1 que pinta para poder tener mas goles y los aficionados m\u00e1s diversi\u00f3n viendo este partido.<\/p>\n\n\n\n<p>Comienzo de la parte complementaria, pasaban los minutos y Tigres empezaba a subir el nivel, Le\u00f3n producto de la ventaja empezaba a querer manejar el partido con tranquilidad.<\/p>\n\n\n\n<p>Jugada tras jugada y Le\u00f3n no consegu\u00eda el premio de su superioridad, esto ser\u00eda hasta el minuto 76\u2019 que la fiera conseguir\u00eda sellar la ventaja 4-1 que confirma el ultimo clavo al ata\u00fad felino que empieza a ver sus \u00faltimos minutos en esta eLIGA MX.<\/p>\n\n\n\n<p>Con este resultado, Leon se pone como #1 en la competencia a la espera del resultado de Pachuca, con esto, Tigres esta eliminado del torneo.<\/p>\n\n\n\n<h2 class=\"wp-block-heading\">ROJINEGRO DE LIGUILLA<\/h2>\n\n\n\n<figure class=\"wp-block-embed-twitter wp-block-embed is-type-rich is-provider-twitter\"><div class=\"wp-block-embed__wrapper\">\n<blockquote class=\"twitter-tweet\" data-width=\"550\" data-dnt=\"true\"><p lang=\"es\" dir=\"ltr\">GAAAAAN\u00d3\u00d3\u00d3 LA FURIAAAAA!!! \ud83d\ude0d<br><br>\u00a1A\u00daN SE PUEDE! \ud83d\udcaa<a href=\"https:\/\/twitter.com\/hashtag\/eLIGAMX?src=hash&amp;ref_src=twsrc%5Etfw\">#eLIGAMX<\/a> <a href=\"https:\/\/twitter.com\/hashtag\/LateConFuria?src=hash&amp;ref_src=twsrc%5Etfw\">#LateConFuria<\/a> \ud83d\udd34\u26ab\ufe0f <a href=\"https:\/\/t.co\/WMKdADCQee\">pic.twitter.com\/WMKdADCQee<\/a><\/p>&mdash; Atlas FC (@atlasfc) <a href=\"https:\/\/twitter.com\/atlasfc\/status\/1268994940828344322?ref_src=twsrc%5Etfw\">June 5, 2020<\/a><\/blockquote><script async src=\"https:\/\/platform.twitter.com\/widgets.js\" charset=\"utf-8\"><\/script>\n<\/div><\/figure>\n\n\n\n<p>Comienzo del segundo juego del d\u00eda, Necaxa vs Atlas, propuesta inicial intensiva del cuadro de Aguascalientes que tuvo buenos acercamientos los primeros minutos pero que perd\u00eda fuerza al pasar el tiempo. \u00daltimos partidos de la temporada regular de la liga en donde se pelean 2 puestos a muerte. Llegadas de Atlas consecutivas, poste y al 38\u2019 ver\u00eda la recompensa de sus arduos esfuerzos, gol de los rojinegros, 1-0 al marcador, jugada de rebote que aprovecha Jeraldino para adelantarse al marcador. Lleg\u00e1bamos al final del primer tiempo, partido con un Necaxa que pierde aire y que el Atlas aprovecho en sus primeras oportunidades para adelantarse al marcador.<\/p>\n\n\n\n<p>Comienzo de la segunda mitad, partido que comenzaba como termin\u00e1bamos el primer tiempo, Atlas a la caza de oportunidades. Minuto 65\u2019 y primera llegada del Necaxa que pasaba desviado, Atlas estaba empezando a pensar en la fiesta grande. \u00daltimos 10 minutos, el cuadro tapat\u00edo empezaba a meter el juego al congelador, estaba cerca la haza\u00f1a de ingresar a la fiesta grande, con este resultado, Atlas est\u00e1 en liguilla al momento con 22 puntos, por otra parte, Necaxa est\u00e1 eliminado.<\/p>\n\n\n\n<h2 class=\"wp-block-heading\"> TUZO SUPERL\u00cdDER<\/h2>\n\n\n\n<figure class=\"wp-block-embed-twitter wp-block-embed is-type-rich is-provider-twitter\"><div class=\"wp-block-embed__wrapper\">\n<blockquote class=\"twitter-tweet\" data-width=\"550\" data-dnt=\"true\"><p lang=\"es\" dir=\"ltr\">\u231a\ufe0f MF | 2-3 <br><br>\u00a1Gan\u00f3 Pachuca! \u00a1GAN\u00d3 EL SUPERLIDER DE LA <a href=\"https:\/\/twitter.com\/hashtag\/eLigaMX?src=hash&amp;ref_src=twsrc%5Etfw\">#eLigaMX<\/a>! \ud83d\ude0e\u26aa\ufe0f\ud83d\udd35<br><br>Triunfo de <a href=\"https:\/\/twitter.com\/KevinAlvarez_2?ref_src=twsrc%5Etfw\">@KevinAlvarez_2<\/a> en e-Monterrey y s\u00ed se\u00f1or&#8230; \u00a1VAMOS POR LA \u2b50\ufe0f<a href=\"https:\/\/twitter.com\/hashtag\/TuCasaTuCancha?src=hash&amp;ref_src=twsrc%5Etfw\">#TuCasaTuCancha<\/a> <a href=\"https:\/\/twitter.com\/hashtag\/TeJuroQueTeAmo?src=hash&amp;ref_src=twsrc%5Etfw\">#TeJuroQueTeAmo<\/a>\ud83d\udc99 <a href=\"https:\/\/t.co\/mo1EzjqyHr\">pic.twitter.com\/mo1EzjqyHr<\/a><\/p>&mdash; Club Pachuca (desde \ud83c\udfe1\ud83c\udfae) (@Tuzos) <a href=\"https:\/\/twitter.com\/Tuzos\/status\/1269027030366027778?ref_src=twsrc%5Etfw\">June 5, 2020<\/a><\/blockquote><script async src=\"https:\/\/platform.twitter.com\/widgets.js\" charset=\"utf-8\"><\/script>\n<\/div><\/figure>\n\n\n\n<p>Comienzo del ultimo partido del d\u00eda, arrancaban las acciones y al minuto 9\u2019 ya lo ganaba el Pachuca, gol que entraba al arco de Marcelo Barovero que empezaba a poner contra la pared a un Monterrey que necesita ganar si quiere seguir vivo en esta eLIGA MX.<\/p>\n\n\n\n<p>Monterrey se iba desbocado al ataque para ir por la victoria, esto ocasionaba un juego de contragolpe apetecible para Kevin Alvarez que al 30\u2019 Sambueza hacia un poste en el arco de Rayados que dejaba fr\u00edo a toda la sultana del norte.<\/p>\n\n\n\n<p>Llegaba el minuto 42\u2019 y gol de los Rayados, Rogelio Funes Mori met\u00eda a la pandilla al partido, juego complicado para ambos equipos, final del primer tiempo y tablas en el marcador, nos \u00edbamos al descanso 1 a 1.<\/p>\n\n\n\n<p>Comienzo de la parte complementaria, lleg\u00e1bamos al minuto 60\u2019 y el Pachuca met\u00eda el segundo, presi\u00f3n tremenda para los Rayados que est\u00e1n quedando eliminados en esta primera edici\u00f3n de la eLIGA MX.<\/p>\n\n\n\n<p>Minuto 83\u2019 y color\u00edn colorado, este juego se ha acabado. Gol de Pachuca que aniquilaba al Monterrey en al lucha por la calificaci\u00f3n. Con este resultado, Pachuca es superl\u00edder de la competencia, por su parte, Rayados est\u00e1 eliminado de la fiesta grande.<\/p>\n","protected":false},"excerpt":{"rendered":"<p>LE\u00d3N SUBL\u00cdDER Y TIGRES ELIMINADO Comenzaba el encuentro, primera jugada del partido, minuto 2\u2019 y ya lo empezaba ganando el Le\u00f3n, golazo del delantero de la fiera que aprovechaba la oportunidad y ya lo ganaba 1-0. Est\u00e1bamos viendo probablemente el regreso de Nikiller, primer tiempo dominante de la Fiera que parece ser que quiere finiquitar&#8230; <\/p>\n<div class=\"clear\"><\/div>\n<p><a href=\"https:\/\/latribunera.com\/apuntes\/index.php\/2020\/06\/05\/6361\/\" class=\"excerpt-read-more\">Read More<i class=\"fa fa-caret-right icon-caret-right\"><\/i><\/a><\/p>\n","protected":false},"author":2,"featured_media":6133,"comment_status":"open","ping_status":"open","sticky":false,"template":"","format":"standard","meta":{"_jetpack_memberships_contains_paid_content":false,"footnotes":""},"categories":[2],"tags":[],"class_list":["post-6361","post","type-post","status-publish","format-standard","has-post-thumbnail","hentry","category-futbol-mexicano"],"jetpack_featured_media_url":"https:\/\/latribunera.com\/apuntes\/wp-content\/uploads\/2020\/05\/FA79AC3D-88D3-4216-9D60-F706E7F36ECE.png","jetpack-related-posts":[{"id":45392,"url":"https:\/\/latribunera.com\/apuntes\/index.php\/2026\/04\/09\/se-presento-la-13va-edicion-del-guerreton\/","url_meta":{"origin":6361,"position":0},"title":"Se presento la 13va edici\u00f3n del Guerret\u00f3n.","author":"Staff","date":"9 abril, 2026","format":false,"excerpt":"A lo largo de sus primeras 12 ediciones, Guerret\u00f3n ha logrado recolectar m\u00e1s de 121,500juguetes, peluches y balones, beneficiando a diversas asociaciones e instituciones de laregi\u00f3n lagunera, entre ellas CRIT Durango, los sistemas DIF de distintos municipios, as\u00edcomo organizaciones educativas y asistenciales. A la fecha, se han instalado cuatro ludotecas\u2026","rel":"","context":"In &quot;Ganar Sirviendo&quot;","block_context":{"text":"Ganar Sirviendo","link":"https:\/\/latribunera.com\/apuntes\/index.php\/category\/futbol\/futbol-mexicano\/ganar-sirviendo\/"},"img":{"alt_text":"","src":"https:\/\/i0.wp.com\/latribunera.com\/apuntes\/wp-content\/uploads\/2026\/04\/9Guerreton-2026-2.jpg.jpeg?resize=350%2C200&ssl=1","width":350,"height":200,"srcset":"https:\/\/i0.wp.com\/latribunera.com\/apuntes\/wp-content\/uploads\/2026\/04\/9Guerreton-2026-2.jpg.jpeg?resize=350%2C200&ssl=1 1x, https:\/\/i0.wp.com\/latribunera.com\/apuntes\/wp-content\/uploads\/2026\/04\/9Guerreton-2026-2.jpg.jpeg?resize=525%2C300&ssl=1 1.5x, https:\/\/i0.wp.com\/latribunera.com\/apuntes\/wp-content\/uploads\/2026\/04\/9Guerreton-2026-2.jpg.jpeg?resize=700%2C400&ssl=1 2x, https:\/\/i0.wp.com\/latribunera.com\/apuntes\/wp-content\/uploads\/2026\/04\/9Guerreton-2026-2.jpg.jpeg?resize=1050%2C600&ssl=1 3x, https:\/\/i0.wp.com\/latribunera.com\/apuntes\/wp-content\/uploads\/2026\/04\/9Guerreton-2026-2.jpg.jpeg?resize=1400%2C800&ssl=1 4x"},"classes":[]},{"id":45421,"url":"https:\/\/latribunera.com\/apuntes\/index.php\/2026\/04\/16\/todo-listo-para-la-14va-edicion-de-la-copa-internacional-santos-penoles\/","url_meta":{"origin":6361,"position":1},"title":"Todo listo para la 14va edici\u00f3n de la Copa Internacional Santos Pe\u00f1oles","author":"Jacob Alarcon","date":"16 abril, 2026","format":false,"excerpt":"Este jueves, en el Auditorio Orlegi de Territorio Santos Modelo, se llev\u00f3 a cabo la presentaci\u00f3noficial de la edici\u00f3n 2026 de la Copa Internacional Santos Pe\u00f1oles, torneo que se ha consolidadocomo uno de los m\u00e1s importantes a nivel infantil y juvenil en M\u00e9xico. Adem\u00e1s de brindar una competencia deportiva de\u2026","rel":"","context":"In &quot;Sin categor\u00eda&quot;","block_context":{"text":"Sin categor\u00eda","link":"https:\/\/latribunera.com\/apuntes\/index.php\/category\/sin-categoria\/"},"img":{"alt_text":"","src":"https:\/\/i0.wp.com\/latribunera.com\/apuntes\/wp-content\/uploads\/2026\/04\/Presentacion-Copa-Santos-Penoles.jpg?resize=350%2C200&ssl=1","width":350,"height":200,"srcset":"https:\/\/i0.wp.com\/latribunera.com\/apuntes\/wp-content\/uploads\/2026\/04\/Presentacion-Copa-Santos-Penoles.jpg?resize=350%2C200&ssl=1 1x, https:\/\/i0.wp.com\/latribunera.com\/apuntes\/wp-content\/uploads\/2026\/04\/Presentacion-Copa-Santos-Penoles.jpg?resize=525%2C300&ssl=1 1.5x, https:\/\/i0.wp.com\/latribunera.com\/apuntes\/wp-content\/uploads\/2026\/04\/Presentacion-Copa-Santos-Penoles.jpg?resize=700%2C400&ssl=1 2x, https:\/\/i0.wp.com\/latribunera.com\/apuntes\/wp-content\/uploads\/2026\/04\/Presentacion-Copa-Santos-Penoles.jpg?resize=1050%2C600&ssl=1 3x, https:\/\/i0.wp.com\/latribunera.com\/apuntes\/wp-content\/uploads\/2026\/04\/Presentacion-Copa-Santos-Penoles.jpg?resize=1400%2C800&ssl=1 4x"},"classes":[]},{"id":45386,"url":"https:\/\/latribunera.com\/apuntes\/index.php\/2026\/03\/11\/santos-launa-impulsa-mejoras-en-la-infraestructura-de-tsm-y-estadio-corona\/","url_meta":{"origin":6361,"position":2},"title":"Santos Laguna impulsa mejoras en la infraestructura de TSM y Estadio Corona","author":"Jacob Alarcon","date":"11 marzo, 2026","format":false,"excerpt":"Club Santos Laguna lleva a cabo una serie de reformas y mejoras en la infraestructura de TerritorioSantos Modelo y del Estadio Corona, con el objetivo de impulsar la innovaci\u00f3n tecnol\u00f3gica, lasostenibilidad y la modernizaci\u00f3n de sus espacios.Con estas acciones, el club contin\u00faa fortaleciendo la experiencia de sus aficionados yactualizando sus\u2026","rel":"","context":"In &quot;Pasi\u00f3n Guerrera&quot;","block_context":{"text":"Pasi\u00f3n Guerrera","link":"https:\/\/latribunera.com\/apuntes\/index.php\/category\/tribus\/pasionguerrera\/"},"img":{"alt_text":"","src":"https:\/\/i0.wp.com\/latribunera.com\/apuntes\/wp-content\/uploads\/2026\/03\/Renovacion-TSM.jpg?resize=350%2C200&ssl=1","width":350,"height":200,"srcset":"https:\/\/i0.wp.com\/latribunera.com\/apuntes\/wp-content\/uploads\/2026\/03\/Renovacion-TSM.jpg?resize=350%2C200&ssl=1 1x, https:\/\/i0.wp.com\/latribunera.com\/apuntes\/wp-content\/uploads\/2026\/03\/Renovacion-TSM.jpg?resize=525%2C300&ssl=1 1.5x, https:\/\/i0.wp.com\/latribunera.com\/apuntes\/wp-content\/uploads\/2026\/03\/Renovacion-TSM.jpg?resize=700%2C400&ssl=1 2x, https:\/\/i0.wp.com\/latribunera.com\/apuntes\/wp-content\/uploads\/2026\/03\/Renovacion-TSM.jpg?resize=1050%2C600&ssl=1 3x, https:\/\/i0.wp.com\/latribunera.com\/apuntes\/wp-content\/uploads\/2026\/03\/Renovacion-TSM.jpg?resize=1400%2C800&ssl=1 4x"},"classes":[]}],"jetpack_sharing_enabled":true,"_links":{"self":[{"href":"https:\/\/latribunera.com\/apuntes\/index.php\/wp-json\/wp\/v2\/posts\/6361","targetHints":{"allow":["GET"]}}],"collection":[{"href":"https:\/\/latribunera.com\/apuntes\/index.php\/wp-json\/wp\/v2\/posts"}],"about":[{"href":"https:\/\/latribunera.com\/apuntes\/index.php\/wp-json\/wp\/v2\/types\/post"}],"author":[{"embeddable":true,"href":"https:\/\/latribunera.com\/apuntes\/index.php\/wp-json\/wp\/v2\/users\/2"}],"replies":[{"embeddable":true,"href":"https:\/\/latribunera.com\/apuntes\/index.php\/wp-json\/wp\/v2\/comments?post=6361"}],"version-history":[{"count":10,"href":"https:\/\/latribunera.com\/apuntes\/index.php\/wp-json\/wp\/v2\/posts\/6361\/revisions"}],"predecessor-version":[{"id":6377,"href":"https:\/\/latribunera.com\/apuntes\/index.php\/wp-json\/wp\/v2\/posts\/6361\/revisions\/6377"}],"wp:featuredmedia":[{"embeddable":true,"href":"https:\/\/latribunera.com\/apuntes\/index.php\/wp-json\/wp\/v2\/media\/6133"}],"wp:attachment":[{"href":"https:\/\/latribunera.com\/apuntes\/index.php\/wp-json\/wp\/v2\/media?parent=6361"}],"wp:term":[{"taxonomy":"category","embeddable":true,"href":"https:\/\/latribunera.com\/apuntes\/index.php\/wp-json\/wp\/v2\/categories?post=6361"},{"taxonomy":"post_tag","embeddable":true,"href":"https:\/\/latribunera.com\/apuntes\/index.php\/wp-json\/wp\/v2\/tags?post=6361"}],"curies":[{"name":"wp","href":"https:\/\/api.w.org\/{rel}","templated":true}]}}