{"id":7115,"date":"2020-09-18T19:48:27","date_gmt":"2020-09-18T19:48:27","guid":{"rendered":"https:\/\/latribunera.com\/apuntes\/?p=7115"},"modified":"2020-09-18T19:48:34","modified_gmt":"2020-09-18T19:48:34","slug":"el-regreso-de-steelers","status":"publish","type":"post","link":"https:\/\/latribunera.com\/apuntes\/index.php\/2020\/09\/18\/el-regreso-de-steelers\/","title":{"rendered":"EL REGRESO DE STEELERS"},"content":{"rendered":"\n<p><strong>POR: RAFAEL MIYAR \/ Twitter: @rafamiyar<\/strong><\/p>\n\n\n\n<p>\u00a1Steelers est\u00e1 de vuelta! O al menos eso parece indicar el desempe\u00f1o que tuvieron el lunes por la noche en el campo de Giants.&nbsp;<\/p>\n\n\n\n<p>Su Defensiva arranc\u00f3 justo como termin\u00f3 la temporada pasada: En plan Grande. Solo permitieron a 6 yds terrestres en 15 acarreos a Saquon Barkley, corredor estrella de Nueva York, y un total de 24 yardas terrestres en total. Adem\u00e1s lograron interceptar en dos ocasiones al QB Daniel Jones, y capturarlo detr\u00e1s de la l\u00ednea en 3 ocasiones.&nbsp;<\/p>\n\n\n\n<p>Del otro lado, la gran inc\u00f3gnita de este equipo; su Ofensiva. Big Ben regres\u00f3 despu\u00e9s de casi un a\u00f1o sin actividad debio a su operaci\u00f3n en el codo de su brazo lanzador. Inici\u00f3 muy oxidado, pero conforme fue entrando en calor fue mejorando, y bastante! Termin\u00f3 la noche con 3 pases para anotaci\u00f3n y 229 yardas por aire (adem\u00e1s de 9 yardas corriendo).\u00a0<br><\/p>\n\n\n\n<figure class=\"wp-block-embed-twitter wp-block-embed is-type-rich is-provider-twitter\"><div class=\"wp-block-embed__wrapper\">\n<blockquote class=\"twitter-tweet\" data-width=\"550\" data-dnt=\"true\"><p lang=\"fr\" dir=\"ltr\">Our defense \ud83d\udd25\ud83d\udd25\ud83d\udd25 <a href=\"https:\/\/t.co\/q6WaVVp7IM\">pic.twitter.com\/q6WaVVp7IM<\/a><\/p>&mdash; Pittsburgh Steelers (@steelers) <a href=\"https:\/\/twitter.com\/steelers\/status\/1306367691503140864?ref_src=twsrc%5Etfw\">September 16, 2020<\/a><\/blockquote><script async src=\"https:\/\/platform.twitter.com\/widgets.js\" charset=\"utf-8\"><\/script>\n<\/div><\/figure>\n\n\n\n<p>Por la v\u00eda terrestre sufrieron un golpe importante, ya que desde el Segundo Cuarto su corredor titular se lesion\u00f3. Sin embargo Benny Snell, corredor suplente tuvo una gran noche y termin\u00f3 rebasando las 100 yardas.&nbsp;<\/p>\n\n\n\n<p>En resumen, fue una gran noche para Acereros, pero no hay que echar las campanas al vuelo, ya que no tuvieron mucha resistencia por parte de los Gigantes.<\/p>\n\n\n\n<p>Para esta semana, Steelers reciben en su campo a los Broncos de Denver. Heinz Field sin toallas amarillas. \u00bfQu\u00e9 tanto afectar\u00e1 a los jugadores no sentir el aliento de su afici\u00f3n?\u00a0<br><\/p>\n\n\n\n<figure class=\"wp-block-embed-twitter wp-block-embed is-type-rich is-provider-twitter\"><div class=\"wp-block-embed__wrapper\">\n<blockquote class=\"twitter-tweet\" data-width=\"550\" data-dnt=\"true\"><p lang=\"en\" dir=\"ltr\">Week 2\ufe0f\u20e3<a href=\"https:\/\/twitter.com\/Bud_Dupree?ref_src=twsrc%5Etfw\">@Bud_Dupree<\/a> | <a href=\"https:\/\/twitter.com\/hashtag\/HereWeGo?src=hash&amp;ref_src=twsrc%5Etfw\">#HereWeGo<\/a> <a href=\"https:\/\/t.co\/sONrxzjzfS\">pic.twitter.com\/sONrxzjzfS<\/a><\/p>&mdash; Pittsburgh Steelers (@steelers) <a href=\"https:\/\/twitter.com\/steelers\/status\/1306047149252251649?ref_src=twsrc%5Etfw\">September 16, 2020<\/a><\/blockquote><script async src=\"https:\/\/platform.twitter.com\/widgets.js\" charset=\"utf-8\"><\/script>\n<\/div><\/figure>\n\n\n\n<p>Los Broncos son el equipo mas joven de la NFL. Una franquicia en reconstrucci\u00f3n, con Drew Lock, un QB en su segundo a\u00f1o, y Jerry Jeudy, un WR novato del cual se esperan grandes cosas. Sumaron al equipo a Melvin Gordon que seguramente ayudar\u00e1 en experiencia, y en el \u00e1mbito terrestre.&nbsp;<\/p>\n\n\n\n<p>Del lado defensivo, Broncos sufri\u00f3 la p\u00e9rdida de su hombre insignia, el apoyador Von Miller.&nbsp;<\/p>\n\n\n\n<p>Se espera un partido de pocos puntos, con una ventaja para el equipo local. Las casas de apuestas ponen favorito a Pittsburgh por 7.5 puntos.<\/p>\n\n\n\n<figure class=\"wp-block-embed-twitter wp-block-embed is-type-rich is-provider-twitter\"><div class=\"wp-block-embed__wrapper\">\n<blockquote class=\"twitter-tweet\" data-width=\"550\" data-dnt=\"true\"><p lang=\"und\" dir=\"ltr\"><a href=\"https:\/\/twitter.com\/hashtag\/VictoryTuesday?src=hash&amp;ref_src=twsrc%5Etfw\">#VictoryTuesday<\/a>\u203c\ufe0f <a href=\"https:\/\/t.co\/N0U6JaMu4F\">pic.twitter.com\/N0U6JaMu4F<\/a><\/p>&mdash; Pittsburgh Steelers (@steelers) <a href=\"https:\/\/twitter.com\/steelers\/status\/1305880883669458944?ref_src=twsrc%5Etfw\">September 15, 2020<\/a><\/blockquote><script async src=\"https:\/\/platform.twitter.com\/widgets.js\" charset=\"utf-8\"><\/script>\n<\/div><\/figure>\n","protected":false},"excerpt":{"rendered":"<p>\u00a1Steelers est\u00e1 de vuelta! O al menos eso parece indicar el desempe\u00f1o que tuvieron el lunes por la noche en el campo de Giants. <\/p>\n","protected":false},"author":4,"featured_media":7116,"comment_status":"open","ping_status":"open","sticky":false,"template":"","format":"standard","meta":{"_jetpack_memberships_contains_paid_content":false,"footnotes":""},"categories":[76,77],"tags":[213],"class_list":["post-7115","post","type-post","status-publish","format-standard","has-post-thumbnail","hentry","category-futbol-americano","category-futbolamericano-nfl","tag-nfl"],"jetpack_featured_media_url":"https:\/\/latribunera.com\/apuntes\/wp-content\/uploads\/2020\/09\/F1D5CEC5-9864-4C06-9D1D-A5CF830FAC37.jpeg","jetpack-related-posts":[{"id":45386,"url":"https:\/\/latribunera.com\/apuntes\/index.php\/2026\/03\/11\/santos-launa-impulsa-mejoras-en-la-infraestructura-de-tsm-y-estadio-corona\/","url_meta":{"origin":7115,"position":0},"title":"Santos Laguna impulsa mejoras en la infraestructura de TSM y Estadio Corona","author":"Jacob Alarcon","date":"11 marzo, 2026","format":false,"excerpt":"Club Santos Laguna lleva a cabo una serie de reformas y mejoras en la infraestructura de TerritorioSantos Modelo y del Estadio Corona, con el objetivo de impulsar la innovaci\u00f3n tecnol\u00f3gica, lasostenibilidad y la modernizaci\u00f3n de sus espacios.Con estas acciones, el club contin\u00faa fortaleciendo la experiencia de sus aficionados yactualizando sus\u2026","rel":"","context":"In &quot;Pasi\u00f3n Guerrera&quot;","block_context":{"text":"Pasi\u00f3n Guerrera","link":"https:\/\/latribunera.com\/apuntes\/index.php\/category\/tribus\/pasionguerrera\/"},"img":{"alt_text":"","src":"https:\/\/i0.wp.com\/latribunera.com\/apuntes\/wp-content\/uploads\/2026\/03\/Renovacion-TSM.jpg?resize=350%2C200&ssl=1","width":350,"height":200,"srcset":"https:\/\/i0.wp.com\/latribunera.com\/apuntes\/wp-content\/uploads\/2026\/03\/Renovacion-TSM.jpg?resize=350%2C200&ssl=1 1x, https:\/\/i0.wp.com\/latribunera.com\/apuntes\/wp-content\/uploads\/2026\/03\/Renovacion-TSM.jpg?resize=525%2C300&ssl=1 1.5x, https:\/\/i0.wp.com\/latribunera.com\/apuntes\/wp-content\/uploads\/2026\/03\/Renovacion-TSM.jpg?resize=700%2C400&ssl=1 2x, https:\/\/i0.wp.com\/latribunera.com\/apuntes\/wp-content\/uploads\/2026\/03\/Renovacion-TSM.jpg?resize=1050%2C600&ssl=1 3x, https:\/\/i0.wp.com\/latribunera.com\/apuntes\/wp-content\/uploads\/2026\/03\/Renovacion-TSM.jpg?resize=1400%2C800&ssl=1 4x"},"classes":[]},{"id":45392,"url":"https:\/\/latribunera.com\/apuntes\/index.php\/2026\/04\/09\/se-presento-la-13va-edicion-del-guerreton\/","url_meta":{"origin":7115,"position":1},"title":"Se presento la 13va edici\u00f3n del Guerret\u00f3n.","author":"Staff","date":"9 abril, 2026","format":false,"excerpt":"A lo largo de sus primeras 12 ediciones, Guerret\u00f3n ha logrado recolectar m\u00e1s de 121,500juguetes, peluches y balones, beneficiando a diversas asociaciones e instituciones de laregi\u00f3n lagunera, entre ellas CRIT Durango, los sistemas DIF de distintos municipios, as\u00edcomo organizaciones educativas y asistenciales. A la fecha, se han instalado cuatro ludotecas\u2026","rel":"","context":"In &quot;Ganar Sirviendo&quot;","block_context":{"text":"Ganar Sirviendo","link":"https:\/\/latribunera.com\/apuntes\/index.php\/category\/futbol\/futbol-mexicano\/ganar-sirviendo\/"},"img":{"alt_text":"","src":"https:\/\/i0.wp.com\/latribunera.com\/apuntes\/wp-content\/uploads\/2026\/04\/9Guerreton-2026-2.jpg.jpeg?resize=350%2C200&ssl=1","width":350,"height":200,"srcset":"https:\/\/i0.wp.com\/latribunera.com\/apuntes\/wp-content\/uploads\/2026\/04\/9Guerreton-2026-2.jpg.jpeg?resize=350%2C200&ssl=1 1x, https:\/\/i0.wp.com\/latribunera.com\/apuntes\/wp-content\/uploads\/2026\/04\/9Guerreton-2026-2.jpg.jpeg?resize=525%2C300&ssl=1 1.5x, https:\/\/i0.wp.com\/latribunera.com\/apuntes\/wp-content\/uploads\/2026\/04\/9Guerreton-2026-2.jpg.jpeg?resize=700%2C400&ssl=1 2x, https:\/\/i0.wp.com\/latribunera.com\/apuntes\/wp-content\/uploads\/2026\/04\/9Guerreton-2026-2.jpg.jpeg?resize=1050%2C600&ssl=1 3x, https:\/\/i0.wp.com\/latribunera.com\/apuntes\/wp-content\/uploads\/2026\/04\/9Guerreton-2026-2.jpg.jpeg?resize=1400%2C800&ssl=1 4x"},"classes":[]},{"id":45421,"url":"https:\/\/latribunera.com\/apuntes\/index.php\/2026\/04\/16\/todo-listo-para-la-14va-edicion-de-la-copa-internacional-santos-penoles\/","url_meta":{"origin":7115,"position":2},"title":"Todo listo para la 14va edici\u00f3n de la Copa Internacional Santos Pe\u00f1oles","author":"Jacob Alarcon","date":"16 abril, 2026","format":false,"excerpt":"Este jueves, en el Auditorio Orlegi de Territorio Santos Modelo, se llev\u00f3 a cabo la presentaci\u00f3noficial de la edici\u00f3n 2026 de la Copa Internacional Santos Pe\u00f1oles, torneo que se ha consolidadocomo uno de los m\u00e1s importantes a nivel infantil y juvenil en M\u00e9xico. Adem\u00e1s de brindar una competencia deportiva de\u2026","rel":"","context":"In &quot;Sin categor\u00eda&quot;","block_context":{"text":"Sin categor\u00eda","link":"https:\/\/latribunera.com\/apuntes\/index.php\/category\/sin-categoria\/"},"img":{"alt_text":"","src":"https:\/\/i0.wp.com\/latribunera.com\/apuntes\/wp-content\/uploads\/2026\/04\/Presentacion-Copa-Santos-Penoles.jpg?resize=350%2C200&ssl=1","width":350,"height":200,"srcset":"https:\/\/i0.wp.com\/latribunera.com\/apuntes\/wp-content\/uploads\/2026\/04\/Presentacion-Copa-Santos-Penoles.jpg?resize=350%2C200&ssl=1 1x, https:\/\/i0.wp.com\/latribunera.com\/apuntes\/wp-content\/uploads\/2026\/04\/Presentacion-Copa-Santos-Penoles.jpg?resize=525%2C300&ssl=1 1.5x, https:\/\/i0.wp.com\/latribunera.com\/apuntes\/wp-content\/uploads\/2026\/04\/Presentacion-Copa-Santos-Penoles.jpg?resize=700%2C400&ssl=1 2x, https:\/\/i0.wp.com\/latribunera.com\/apuntes\/wp-content\/uploads\/2026\/04\/Presentacion-Copa-Santos-Penoles.jpg?resize=1050%2C600&ssl=1 3x, https:\/\/i0.wp.com\/latribunera.com\/apuntes\/wp-content\/uploads\/2026\/04\/Presentacion-Copa-Santos-Penoles.jpg?resize=1400%2C800&ssl=1 4x"},"classes":[]}],"jetpack_sharing_enabled":true,"_links":{"self":[{"href":"https:\/\/latribunera.com\/apuntes\/index.php\/wp-json\/wp\/v2\/posts\/7115","targetHints":{"allow":["GET"]}}],"collection":[{"href":"https:\/\/latribunera.com\/apuntes\/index.php\/wp-json\/wp\/v2\/posts"}],"about":[{"href":"https:\/\/latribunera.com\/apuntes\/index.php\/wp-json\/wp\/v2\/types\/post"}],"author":[{"embeddable":true,"href":"https:\/\/latribunera.com\/apuntes\/index.php\/wp-json\/wp\/v2\/users\/4"}],"replies":[{"embeddable":true,"href":"https:\/\/latribunera.com\/apuntes\/index.php\/wp-json\/wp\/v2\/comments?post=7115"}],"version-history":[{"count":2,"href":"https:\/\/latribunera.com\/apuntes\/index.php\/wp-json\/wp\/v2\/posts\/7115\/revisions"}],"predecessor-version":[{"id":7121,"href":"https:\/\/latribunera.com\/apuntes\/index.php\/wp-json\/wp\/v2\/posts\/7115\/revisions\/7121"}],"wp:featuredmedia":[{"embeddable":true,"href":"https:\/\/latribunera.com\/apuntes\/index.php\/wp-json\/wp\/v2\/media\/7116"}],"wp:attachment":[{"href":"https:\/\/latribunera.com\/apuntes\/index.php\/wp-json\/wp\/v2\/media?parent=7115"}],"wp:term":[{"taxonomy":"category","embeddable":true,"href":"https:\/\/latribunera.com\/apuntes\/index.php\/wp-json\/wp\/v2\/categories?post=7115"},{"taxonomy":"post_tag","embeddable":true,"href":"https:\/\/latribunera.com\/apuntes\/index.php\/wp-json\/wp\/v2\/tags?post=7115"}],"curies":[{"name":"wp","href":"https:\/\/api.w.org\/{rel}","templated":true}]}}