{"id":7188,"date":"2020-09-21T16:14:59","date_gmt":"2020-09-21T16:14:59","guid":{"rendered":"https:\/\/latribunera.com\/apuntes\/?p=7188"},"modified":"2020-09-21T16:15:04","modified_gmt":"2020-09-21T16:15:04","slug":"lo-destacado-de-la-jornada-6-de-la-liga-femenil","status":"publish","type":"post","link":"https:\/\/latribunera.com\/apuntes\/index.php\/2020\/09\/21\/lo-destacado-de-la-jornada-6-de-la-liga-femenil\/","title":{"rendered":"LO DESTACADO DE LA JORNADA 6 DE LA LIGA FEMENIL"},"content":{"rendered":"\n<p><strong>POR: ALEJANDRO MART\u00cdNEZ<\/strong><\/p>\n\n\n\n<p>Las Rayadas presumen ser las mejores,&nbsp;las \u00c1guilas vuelan alto,&nbsp;las Tigres las m\u00e1s goleadoras, las Chivas cuentan con la mejor defensa: restan 99&nbsp;partidos, veremos quien&nbsp;mantiene el paso hacia&nbsp;el&nbsp;final de temporada.<\/p>\n\n\n\n<h2 class=\"wp-block-heading\"><strong>Tijuana 0-3 Gallos<\/strong><\/h2>\n\n\n\n<figure class=\"wp-block-image size-large\"><img loading=\"lazy\" decoding=\"async\" width=\"1024\" height=\"512\" src=\"https:\/\/latribunera.com\/apuntes\/wp-content\/uploads\/2020\/09\/7AB082A1-CF0F-4087-A170-598E213457A4-1024x512.jpeg\" alt=\"\" class=\"wp-image-7189\" srcset=\"https:\/\/latribunera.com\/apuntes\/wp-content\/uploads\/2020\/09\/7AB082A1-CF0F-4087-A170-598E213457A4-1024x512.jpeg 1024w, https:\/\/latribunera.com\/apuntes\/wp-content\/uploads\/2020\/09\/7AB082A1-CF0F-4087-A170-598E213457A4-300x150.jpeg 300w, https:\/\/latribunera.com\/apuntes\/wp-content\/uploads\/2020\/09\/7AB082A1-CF0F-4087-A170-598E213457A4-768x384.jpeg 768w, https:\/\/latribunera.com\/apuntes\/wp-content\/uploads\/2020\/09\/7AB082A1-CF0F-4087-A170-598E213457A4.jpeg 1125w\" sizes=\"auto, (max-width: 1024px) 100vw, 1024px\" \/><\/figure>\n\n\n\n<p>En cuatro d\u00edas, las Emplumadas lograron dos triunfos muy importantes&nbsp;para escalar posiciones en la tabla general,&nbsp;ambas goleadas&nbsp;de tres goles a cero.<\/p>\n\n\n\n<h2 class=\"wp-block-heading\"><strong>Mazatl\u00e1n 1-0 Toluca<\/strong><\/h2>\n\n\n\n<figure class=\"wp-block-image size-large\"><img loading=\"lazy\" decoding=\"async\" width=\"1024\" height=\"682\" src=\"https:\/\/latribunera.com\/apuntes\/wp-content\/uploads\/2020\/09\/48CF4B93-E7DC-47AD-BDE9-AF32818F2484.jpeg\" alt=\"\" class=\"wp-image-7190\" srcset=\"https:\/\/latribunera.com\/apuntes\/wp-content\/uploads\/2020\/09\/48CF4B93-E7DC-47AD-BDE9-AF32818F2484.jpeg 1024w, https:\/\/latribunera.com\/apuntes\/wp-content\/uploads\/2020\/09\/48CF4B93-E7DC-47AD-BDE9-AF32818F2484-300x200.jpeg 300w, https:\/\/latribunera.com\/apuntes\/wp-content\/uploads\/2020\/09\/48CF4B93-E7DC-47AD-BDE9-AF32818F2484-768x512.jpeg 768w\" sizes=\"auto, (max-width: 1024px) 100vw, 1024px\" \/><\/figure>\n\n\n\n<p>La tercera fue la vencida para Mazatl\u00e1n: las Piratas&nbsp;obtuvieronsu primera victoria en casa, otra vez de la mano de Liliana Hern\u00e1ndez, quien tambi\u00e9n se apareci\u00f3&nbsp;con gol&nbsp;en el primer triunfo de visitante.<\/p>\n\n\n\n<h2 class=\"wp-block-heading\"><strong>Ju\u00e1rez 0-5 Rayadas<\/strong><\/h2>\n\n\n\n<figure class=\"wp-block-image size-large\"><img loading=\"lazy\" decoding=\"async\" width=\"1024\" height=\"512\" src=\"https:\/\/latribunera.com\/apuntes\/wp-content\/uploads\/2020\/09\/F8B282E4-D1F9-4AF8-B218-C0D29D9C5CC1.jpeg\" alt=\"\" class=\"wp-image-7191\" srcset=\"https:\/\/latribunera.com\/apuntes\/wp-content\/uploads\/2020\/09\/F8B282E4-D1F9-4AF8-B218-C0D29D9C5CC1.jpeg 1024w, https:\/\/latribunera.com\/apuntes\/wp-content\/uploads\/2020\/09\/F8B282E4-D1F9-4AF8-B218-C0D29D9C5CC1-300x150.jpeg 300w, https:\/\/latribunera.com\/apuntes\/wp-content\/uploads\/2020\/09\/F8B282E4-D1F9-4AF8-B218-C0D29D9C5CC1-768x384.jpeg 768w\" sizes=\"auto, (max-width: 1024px) 100vw, 1024px\" \/><\/figure>\n\n\n\n<p>Con un doblete de Aylin Avil\u00e9z y otro de Christina Burkenroad, quien lleg\u00f3 a seis goles, las Rayadas&nbsp;se aferran a la primera posici\u00f3n, sitio en donde se&nbsp;mantienen al registrar puros triunfos.<\/p>\n\n\n\n<h2 class=\"wp-block-heading\"><strong>Puebla 0-0 Le\u00f3n<\/strong><\/h2>\n\n\n\n<figure class=\"wp-block-image size-large\"><img loading=\"lazy\" decoding=\"async\" width=\"1024\" height=\"512\" src=\"https:\/\/latribunera.com\/apuntes\/wp-content\/uploads\/2020\/09\/536FADDE-117F-45B8-BF54-01A45B5DE5E6-1024x512.jpeg\" alt=\"\" class=\"wp-image-7192\" srcset=\"https:\/\/latribunera.com\/apuntes\/wp-content\/uploads\/2020\/09\/536FADDE-117F-45B8-BF54-01A45B5DE5E6-1024x512.jpeg 1024w, https:\/\/latribunera.com\/apuntes\/wp-content\/uploads\/2020\/09\/536FADDE-117F-45B8-BF54-01A45B5DE5E6-300x150.jpeg 300w, https:\/\/latribunera.com\/apuntes\/wp-content\/uploads\/2020\/09\/536FADDE-117F-45B8-BF54-01A45B5DE5E6-768x384.jpeg 768w, https:\/\/latribunera.com\/apuntes\/wp-content\/uploads\/2020\/09\/536FADDE-117F-45B8-BF54-01A45B5DE5E6-1536x768.jpeg 1536w, https:\/\/latribunera.com\/apuntes\/wp-content\/uploads\/2020\/09\/536FADDE-117F-45B8-BF54-01A45B5DE5E6.jpeg 2048w\" sizes=\"auto, (max-width: 1024px) 100vw, 1024px\" \/><\/figure>\n\n\n\n<p>De local,&nbsp;la Franja&nbsp;se ha vuelto fuerte&nbsp;sobre todo a nivel defensivo: lleva dos triunfos, primero&nbsp;ante Tijuana y&nbsp;luego contra&nbsp;Toluca, ahora el empate ante la Fiera;&nbsp;todos estos juegos sin recibir gol.<\/p>\n\n\n\n<h2 class=\"wp-block-heading\"><strong>Necaxa 0-3 Atlas<\/strong><\/h2>\n\n\n\n<figure class=\"wp-block-image size-large\"><img loading=\"lazy\" decoding=\"async\" width=\"1024\" height=\"512\" src=\"https:\/\/latribunera.com\/apuntes\/wp-content\/uploads\/2020\/09\/FE3D2CB2-352D-4267-9192-CBA7CC4DB03B.jpeg\" alt=\"\" class=\"wp-image-7193\" srcset=\"https:\/\/latribunera.com\/apuntes\/wp-content\/uploads\/2020\/09\/FE3D2CB2-352D-4267-9192-CBA7CC4DB03B.jpeg 1024w, https:\/\/latribunera.com\/apuntes\/wp-content\/uploads\/2020\/09\/FE3D2CB2-352D-4267-9192-CBA7CC4DB03B-300x150.jpeg 300w, https:\/\/latribunera.com\/apuntes\/wp-content\/uploads\/2020\/09\/FE3D2CB2-352D-4267-9192-CBA7CC4DB03B-768x384.jpeg 768w\" sizes=\"auto, (max-width: 1024px) 100vw, 1024px\" \/><\/figure>\n\n\n\n<p>Entre Alison Gonz\u00e1lez y Claudia Ibarra, ambas anotadoras en esta goleada frente a las Centellas, llevan el 43&nbsp;por ciento de los&nbsp;16&nbsp;goles&nbsp;de&nbsp;las Rojinegras.<\/p>\n\n\n\n<h2 class=\"wp-block-heading\"><strong>Tigres\u00a04-1\u00a0San Luis<\/strong><\/h2>\n\n\n\n<figure class=\"wp-block-image size-large\"><img loading=\"lazy\" decoding=\"async\" width=\"1024\" height=\"512\" src=\"https:\/\/latribunera.com\/apuntes\/wp-content\/uploads\/2020\/09\/E6E2EB76-75B4-4E99-8B94-E29316812171.jpeg\" alt=\"\" class=\"wp-image-7194\" srcset=\"https:\/\/latribunera.com\/apuntes\/wp-content\/uploads\/2020\/09\/E6E2EB76-75B4-4E99-8B94-E29316812171.jpeg 1024w, https:\/\/latribunera.com\/apuntes\/wp-content\/uploads\/2020\/09\/E6E2EB76-75B4-4E99-8B94-E29316812171-300x150.jpeg 300w, https:\/\/latribunera.com\/apuntes\/wp-content\/uploads\/2020\/09\/E6E2EB76-75B4-4E99-8B94-E29316812171-768x384.jpeg 768w\" sizes=\"auto, (max-width: 1024px) 100vw, 1024px\" \/><\/figure>\n\n\n\n<p>La anotaci\u00f3n de Bel\u00e9n Cruz&nbsp;ante las Tuneras&nbsp;signific\u00f3 la 300 para Tigres Femenil, primer equipo de la Liga MX Femenil en llegar a las tres centenas.<\/p>\n\n\n\n<h2 class=\"wp-block-heading\"><strong>Chivas 2-0\u00a0Cruz Azul<\/strong><\/h2>\n\n\n\n<figure class=\"wp-block-image size-large\"><img loading=\"lazy\" decoding=\"async\" width=\"1024\" height=\"512\" src=\"https:\/\/latribunera.com\/apuntes\/wp-content\/uploads\/2020\/09\/F1F92726-FE9D-43F0-9F20-C7EB7F61AD35.jpeg\" alt=\"\" class=\"wp-image-7195\" srcset=\"https:\/\/latribunera.com\/apuntes\/wp-content\/uploads\/2020\/09\/F1F92726-FE9D-43F0-9F20-C7EB7F61AD35.jpeg 1024w, https:\/\/latribunera.com\/apuntes\/wp-content\/uploads\/2020\/09\/F1F92726-FE9D-43F0-9F20-C7EB7F61AD35-300x150.jpeg 300w, https:\/\/latribunera.com\/apuntes\/wp-content\/uploads\/2020\/09\/F1F92726-FE9D-43F0-9F20-C7EB7F61AD35-768x384.jpeg 768w\" sizes=\"auto, (max-width: 1024px) 100vw, 1024px\" \/><\/figure>\n\n\n\n<p>Para el Reba\u00f1o, la victoria ante las Cementeras fue de gran valor pues les permite estar muy cerca de la primera posici\u00f3n que le corresponde a las Rayadas.<\/p>\n\n\n\n<h2 class=\"wp-block-heading\"><strong>Pachuca\u00a01-4\u00a0Pumas<\/strong><\/h2>\n\n\n\n<figure class=\"wp-block-image size-large\"><img loading=\"lazy\" decoding=\"async\" width=\"1024\" height=\"512\" src=\"https:\/\/latribunera.com\/apuntes\/wp-content\/uploads\/2020\/09\/1AB68DCA-9B97-402C-951B-A4E8691A5FD1.jpeg\" alt=\"\" class=\"wp-image-7196\" srcset=\"https:\/\/latribunera.com\/apuntes\/wp-content\/uploads\/2020\/09\/1AB68DCA-9B97-402C-951B-A4E8691A5FD1.jpeg 1024w, https:\/\/latribunera.com\/apuntes\/wp-content\/uploads\/2020\/09\/1AB68DCA-9B97-402C-951B-A4E8691A5FD1-300x150.jpeg 300w, https:\/\/latribunera.com\/apuntes\/wp-content\/uploads\/2020\/09\/1AB68DCA-9B97-402C-951B-A4E8691A5FD1-768x384.jpeg 768w\" sizes=\"auto, (max-width: 1024px) 100vw, 1024px\" \/><\/figure>\n\n\n\n<p>Pumas de visitante no conoce la derrota: tres triunfos&nbsp;y todos por marcador abultado; las unamitas hilvanan cinco juegos sin derrota.<\/p>\n\n\n\n<h2 class=\"wp-block-heading\"><strong>Am\u00e9rica 2-1\u00a0Santos<\/strong><\/h2>\n\n\n\n<figure class=\"wp-block-image size-large\"><img loading=\"lazy\" decoding=\"async\" width=\"647\" height=\"319\" src=\"https:\/\/latribunera.com\/apuntes\/wp-content\/uploads\/2020\/09\/4B322B46-82D6-46C3-B1AD-A89C9A9A94DA.jpeg\" alt=\"\" class=\"wp-image-7197\" srcset=\"https:\/\/latribunera.com\/apuntes\/wp-content\/uploads\/2020\/09\/4B322B46-82D6-46C3-B1AD-A89C9A9A94DA.jpeg 647w, https:\/\/latribunera.com\/apuntes\/wp-content\/uploads\/2020\/09\/4B322B46-82D6-46C3-B1AD-A89C9A9A94DA-300x148.jpeg 300w\" sizes=\"auto, (max-width: 647px) 100vw, 647px\" \/><\/figure>\n\n\n\n<p>En su sexto juego, todos de titular, Jocelyn Orejel logr\u00f3 su primera anotaci\u00f3n con la playera de las \u00c1guilas, anteriormente hab\u00eda hecho dos militando en Tijuana.<\/p>\n","protected":false},"excerpt":{"rendered":"<p>Las Rayadas siguen pisando fuerte en la Liga Femenil<\/p>\n","protected":false},"author":4,"featured_media":7198,"comment_status":"open","ping_status":"open","sticky":false,"template":"","format":"standard","meta":{"_jetpack_memberships_contains_paid_content":false,"footnotes":""},"categories":[3,64],"tags":[214,157,200,148,147,158],"class_list":["post-7188","post","type-post","status-publish","format-standard","has-post-thumbnail","hentry","category-futbol","category-futbol-mexicano-femenil","tag-america-femenil","tag-chivas-femenil","tag-guardianes-2020","tag-liga-femenil","tag-rayadas","tag-tigres-femenil"],"jetpack_featured_media_url":"https:\/\/latribunera.com\/apuntes\/wp-content\/uploads\/2020\/09\/A9FF2EF9-2D63-49C3-990A-6AA259CDE8DE.jpeg","jetpack-related-posts":[{"id":45421,"url":"https:\/\/latribunera.com\/apuntes\/index.php\/2026\/04\/16\/todo-listo-para-la-14va-edicion-de-la-copa-internacional-santos-penoles\/","url_meta":{"origin":7188,"position":0},"title":"Todo listo para la 14va edici\u00f3n de la Copa Internacional Santos Pe\u00f1oles","author":"Jacob Alarcon","date":"16 abril, 2026","format":false,"excerpt":"Este jueves, en el Auditorio Orlegi de Territorio Santos Modelo, se llev\u00f3 a cabo la presentaci\u00f3noficial de la edici\u00f3n 2026 de la Copa Internacional Santos Pe\u00f1oles, torneo que se ha consolidadocomo uno de los m\u00e1s importantes a nivel infantil y juvenil en M\u00e9xico. Adem\u00e1s de brindar una competencia deportiva de\u2026","rel":"","context":"In &quot;Sin categor\u00eda&quot;","block_context":{"text":"Sin categor\u00eda","link":"https:\/\/latribunera.com\/apuntes\/index.php\/category\/sin-categoria\/"},"img":{"alt_text":"","src":"https:\/\/i0.wp.com\/latribunera.com\/apuntes\/wp-content\/uploads\/2026\/04\/Presentacion-Copa-Santos-Penoles.jpg?resize=350%2C200&ssl=1","width":350,"height":200,"srcset":"https:\/\/i0.wp.com\/latribunera.com\/apuntes\/wp-content\/uploads\/2026\/04\/Presentacion-Copa-Santos-Penoles.jpg?resize=350%2C200&ssl=1 1x, https:\/\/i0.wp.com\/latribunera.com\/apuntes\/wp-content\/uploads\/2026\/04\/Presentacion-Copa-Santos-Penoles.jpg?resize=525%2C300&ssl=1 1.5x, https:\/\/i0.wp.com\/latribunera.com\/apuntes\/wp-content\/uploads\/2026\/04\/Presentacion-Copa-Santos-Penoles.jpg?resize=700%2C400&ssl=1 2x, https:\/\/i0.wp.com\/latribunera.com\/apuntes\/wp-content\/uploads\/2026\/04\/Presentacion-Copa-Santos-Penoles.jpg?resize=1050%2C600&ssl=1 3x, https:\/\/i0.wp.com\/latribunera.com\/apuntes\/wp-content\/uploads\/2026\/04\/Presentacion-Copa-Santos-Penoles.jpg?resize=1400%2C800&ssl=1 4x"},"classes":[]},{"id":45392,"url":"https:\/\/latribunera.com\/apuntes\/index.php\/2026\/04\/09\/se-presento-la-13va-edicion-del-guerreton\/","url_meta":{"origin":7188,"position":1},"title":"Se presento la 13va edici\u00f3n del Guerret\u00f3n.","author":"Staff","date":"9 abril, 2026","format":false,"excerpt":"A lo largo de sus primeras 12 ediciones, Guerret\u00f3n ha logrado recolectar m\u00e1s de 121,500juguetes, peluches y balones, beneficiando a diversas asociaciones e instituciones de laregi\u00f3n lagunera, entre ellas CRIT Durango, los sistemas DIF de distintos municipios, as\u00edcomo organizaciones educativas y asistenciales. A la fecha, se han instalado cuatro ludotecas\u2026","rel":"","context":"In &quot;Ganar Sirviendo&quot;","block_context":{"text":"Ganar Sirviendo","link":"https:\/\/latribunera.com\/apuntes\/index.php\/category\/futbol\/futbol-mexicano\/ganar-sirviendo\/"},"img":{"alt_text":"","src":"https:\/\/i0.wp.com\/latribunera.com\/apuntes\/wp-content\/uploads\/2026\/04\/9Guerreton-2026-2.jpg.jpeg?resize=350%2C200&ssl=1","width":350,"height":200,"srcset":"https:\/\/i0.wp.com\/latribunera.com\/apuntes\/wp-content\/uploads\/2026\/04\/9Guerreton-2026-2.jpg.jpeg?resize=350%2C200&ssl=1 1x, https:\/\/i0.wp.com\/latribunera.com\/apuntes\/wp-content\/uploads\/2026\/04\/9Guerreton-2026-2.jpg.jpeg?resize=525%2C300&ssl=1 1.5x, https:\/\/i0.wp.com\/latribunera.com\/apuntes\/wp-content\/uploads\/2026\/04\/9Guerreton-2026-2.jpg.jpeg?resize=700%2C400&ssl=1 2x, https:\/\/i0.wp.com\/latribunera.com\/apuntes\/wp-content\/uploads\/2026\/04\/9Guerreton-2026-2.jpg.jpeg?resize=1050%2C600&ssl=1 3x, https:\/\/i0.wp.com\/latribunera.com\/apuntes\/wp-content\/uploads\/2026\/04\/9Guerreton-2026-2.jpg.jpeg?resize=1400%2C800&ssl=1 4x"},"classes":[]},{"id":45386,"url":"https:\/\/latribunera.com\/apuntes\/index.php\/2026\/03\/11\/santos-launa-impulsa-mejoras-en-la-infraestructura-de-tsm-y-estadio-corona\/","url_meta":{"origin":7188,"position":2},"title":"Santos Laguna impulsa mejoras en la infraestructura de TSM y Estadio Corona","author":"Jacob Alarcon","date":"11 marzo, 2026","format":false,"excerpt":"Club Santos Laguna lleva a cabo una serie de reformas y mejoras en la infraestructura de TerritorioSantos Modelo y del Estadio Corona, con el objetivo de impulsar la innovaci\u00f3n tecnol\u00f3gica, lasostenibilidad y la modernizaci\u00f3n de sus espacios.Con estas acciones, el club contin\u00faa fortaleciendo la experiencia de sus aficionados yactualizando sus\u2026","rel":"","context":"In &quot;Pasi\u00f3n Guerrera&quot;","block_context":{"text":"Pasi\u00f3n Guerrera","link":"https:\/\/latribunera.com\/apuntes\/index.php\/category\/tribus\/pasionguerrera\/"},"img":{"alt_text":"","src":"https:\/\/i0.wp.com\/latribunera.com\/apuntes\/wp-content\/uploads\/2026\/03\/Renovacion-TSM.jpg?resize=350%2C200&ssl=1","width":350,"height":200,"srcset":"https:\/\/i0.wp.com\/latribunera.com\/apuntes\/wp-content\/uploads\/2026\/03\/Renovacion-TSM.jpg?resize=350%2C200&ssl=1 1x, https:\/\/i0.wp.com\/latribunera.com\/apuntes\/wp-content\/uploads\/2026\/03\/Renovacion-TSM.jpg?resize=525%2C300&ssl=1 1.5x, https:\/\/i0.wp.com\/latribunera.com\/apuntes\/wp-content\/uploads\/2026\/03\/Renovacion-TSM.jpg?resize=700%2C400&ssl=1 2x, https:\/\/i0.wp.com\/latribunera.com\/apuntes\/wp-content\/uploads\/2026\/03\/Renovacion-TSM.jpg?resize=1050%2C600&ssl=1 3x, https:\/\/i0.wp.com\/latribunera.com\/apuntes\/wp-content\/uploads\/2026\/03\/Renovacion-TSM.jpg?resize=1400%2C800&ssl=1 4x"},"classes":[]}],"jetpack_sharing_enabled":true,"_links":{"self":[{"href":"https:\/\/latribunera.com\/apuntes\/index.php\/wp-json\/wp\/v2\/posts\/7188","targetHints":{"allow":["GET"]}}],"collection":[{"href":"https:\/\/latribunera.com\/apuntes\/index.php\/wp-json\/wp\/v2\/posts"}],"about":[{"href":"https:\/\/latribunera.com\/apuntes\/index.php\/wp-json\/wp\/v2\/types\/post"}],"author":[{"embeddable":true,"href":"https:\/\/latribunera.com\/apuntes\/index.php\/wp-json\/wp\/v2\/users\/4"}],"replies":[{"embeddable":true,"href":"https:\/\/latribunera.com\/apuntes\/index.php\/wp-json\/wp\/v2\/comments?post=7188"}],"version-history":[{"count":2,"href":"https:\/\/latribunera.com\/apuntes\/index.php\/wp-json\/wp\/v2\/posts\/7188\/revisions"}],"predecessor-version":[{"id":7200,"href":"https:\/\/latribunera.com\/apuntes\/index.php\/wp-json\/wp\/v2\/posts\/7188\/revisions\/7200"}],"wp:featuredmedia":[{"embeddable":true,"href":"https:\/\/latribunera.com\/apuntes\/index.php\/wp-json\/wp\/v2\/media\/7198"}],"wp:attachment":[{"href":"https:\/\/latribunera.com\/apuntes\/index.php\/wp-json\/wp\/v2\/media?parent=7188"}],"wp:term":[{"taxonomy":"category","embeddable":true,"href":"https:\/\/latribunera.com\/apuntes\/index.php\/wp-json\/wp\/v2\/categories?post=7188"},{"taxonomy":"post_tag","embeddable":true,"href":"https:\/\/latribunera.com\/apuntes\/index.php\/wp-json\/wp\/v2\/tags?post=7188"}],"curies":[{"name":"wp","href":"https:\/\/api.w.org\/{rel}","templated":true}]}}