{"id":7269,"date":"2020-09-24T00:07:22","date_gmt":"2020-09-24T00:07:22","guid":{"rendered":"https:\/\/latribunera.com\/apuntes\/?p=7269"},"modified":"2020-09-24T03:23:46","modified_gmt":"2020-09-24T03:23:46","slug":"lo-mas-destacado-de-la-jornada-11-de-la-liga-mx","status":"publish","type":"post","link":"https:\/\/latribunera.com\/apuntes\/index.php\/2020\/09\/24\/lo-mas-destacado-de-la-jornada-11-de-la-liga-mx\/","title":{"rendered":"LO M\u00c1S DESTACADO DE LA JORNADA 11 DE LA LIGA MX"},"content":{"rendered":"\n<p><strong>Por: <\/strong>Alejandro Mart\u00ednez \/ @alexmtz8603<\/p>\n\n\n\n<p>En la und\u00e9cima fecha del Guardianes 2020 destacaron los equipos de visitantes: Puebla, Cruz Azul, Pachuca, Santos y Rayados se llevaron el&nbsp;bot\u00edn completo de sus partidos.<\/p>\n\n\n\n<h2 class=\"wp-block-heading\"><strong>Necaxa 0-1 Puebla<\/strong><\/h2>\n\n\n\n<figure class=\"wp-block-image size-large\"><img loading=\"lazy\" decoding=\"async\" width=\"931\" height=\"1024\" src=\"https:\/\/latribunera.com\/apuntes\/wp-content\/uploads\/2020\/09\/977C38A6-FE7C-4014-B83A-E8C79BE57C2C-931x1024.jpeg\" alt=\"\" class=\"wp-image-7273\" srcset=\"https:\/\/latribunera.com\/apuntes\/wp-content\/uploads\/2020\/09\/977C38A6-FE7C-4014-B83A-E8C79BE57C2C-931x1024.jpeg 931w, https:\/\/latribunera.com\/apuntes\/wp-content\/uploads\/2020\/09\/977C38A6-FE7C-4014-B83A-E8C79BE57C2C-273x300.jpeg 273w, https:\/\/latribunera.com\/apuntes\/wp-content\/uploads\/2020\/09\/977C38A6-FE7C-4014-B83A-E8C79BE57C2C-768x845.jpeg 768w, https:\/\/latribunera.com\/apuntes\/wp-content\/uploads\/2020\/09\/977C38A6-FE7C-4014-B83A-E8C79BE57C2C.jpeg 1000w\" sizes=\"auto, (max-width: 931px) 100vw, 931px\" \/><\/figure>\n\n\n\n<p>Los Rayos siguen sin electricidad: s\u00e9ptima derrota en el campeonato, cifras que lo mantienen como el equipo m\u00e1s perdedor junto a San Luis.<\/p>\n\n\n\n<p>La Franja obtuvo su tercera victoria de visitante, resultado que le permiti\u00f3 cortar una mala racha de tres tropiezos consecutivos.<\/p>\n\n\n\n<p>El colombiano Omar Fern\u00e1ndez no anotaba desde el 24 de agosto de 2019, d\u00eda en que los poblanos igualaron a un gol contra el Cruz Azul.<\/p>\n\n\n\n<h2 class=\"wp-block-heading\"><strong>Mazatl\u00e1n 2-3 Cruz Azul<\/strong><\/h2>\n\n\n\n<figure class=\"wp-block-image size-large\"><img loading=\"lazy\" decoding=\"async\" width=\"931\" height=\"1024\" src=\"https:\/\/latribunera.com\/apuntes\/wp-content\/uploads\/2020\/09\/034396A7-560A-4D49-9BD5-95F8BA7400BE-931x1024.jpeg\" alt=\"\" class=\"wp-image-7274\" srcset=\"https:\/\/latribunera.com\/apuntes\/wp-content\/uploads\/2020\/09\/034396A7-560A-4D49-9BD5-95F8BA7400BE-931x1024.jpeg 931w, https:\/\/latribunera.com\/apuntes\/wp-content\/uploads\/2020\/09\/034396A7-560A-4D49-9BD5-95F8BA7400BE-273x300.jpeg 273w, https:\/\/latribunera.com\/apuntes\/wp-content\/uploads\/2020\/09\/034396A7-560A-4D49-9BD5-95F8BA7400BE-768x845.jpeg 768w, https:\/\/latribunera.com\/apuntes\/wp-content\/uploads\/2020\/09\/034396A7-560A-4D49-9BD5-95F8BA7400BE.jpeg 1000w\" sizes=\"auto, (max-width: 931px) 100vw, 931px\" \/><\/figure>\n\n\n\n<p>La M\u00e1quina sigue bien aceitada hacia la Liguilla:&nbsp;obtuvo su octavo triunfo, el conjunto con m\u00e1s victorias y el que mejores n\u00fameros tiene de local.<\/p>\n\n\n\n<p>Por fin,&nbsp;Jonathan Rodr\u00edguez se pudo colocar en la cima de goleadores; su doblete ante los mazatlecos le vali\u00f3 para llegar a diez tantos y superar&nbsp;por dos goles&nbsp;a Andr\u00e9-Pierre Gignac.<\/p>\n\n\n\n<p>En el ocaso de este juego, justo al minuto 94, Mazatl\u00e1n v\u00eda Mario Osuna anot\u00f3 su primer penal en&nbsp;su corta historia en&nbsp;la Liga MX.<\/p>\n\n\n\n<h2 class=\"wp-block-heading\"><strong>Atlas 0-1 Pachuca<\/strong><\/h2>\n\n\n\n<figure class=\"wp-block-image size-large\"><img loading=\"lazy\" decoding=\"async\" width=\"931\" height=\"1024\" src=\"https:\/\/latribunera.com\/apuntes\/wp-content\/uploads\/2020\/09\/C0E38E11-9884-48EC-87C6-FC6CC55CBE5B-931x1024.jpeg\" alt=\"\" class=\"wp-image-7275\" srcset=\"https:\/\/latribunera.com\/apuntes\/wp-content\/uploads\/2020\/09\/C0E38E11-9884-48EC-87C6-FC6CC55CBE5B-931x1024.jpeg 931w, https:\/\/latribunera.com\/apuntes\/wp-content\/uploads\/2020\/09\/C0E38E11-9884-48EC-87C6-FC6CC55CBE5B-273x300.jpeg 273w, https:\/\/latribunera.com\/apuntes\/wp-content\/uploads\/2020\/09\/C0E38E11-9884-48EC-87C6-FC6CC55CBE5B-768x845.jpeg 768w, https:\/\/latribunera.com\/apuntes\/wp-content\/uploads\/2020\/09\/C0E38E11-9884-48EC-87C6-FC6CC55CBE5B.jpeg 1000w\" sizes=\"auto, (max-width: 931px) 100vw, 931px\" \/><\/figure>\n\n\n\n<p>En&nbsp;su temporada de retorno, V\u00edctor Guzm\u00e1n ha sido factor clave en los partidos de los Tuzos; el apodado Pocho ha marcado dos goles de penal, tantos que han significados 6 de los 18 puntos que suman los hidalguenses.<\/p>\n\n\n\n<h2 class=\"wp-block-heading\"><strong>Tigres 3-0 Gallos<\/strong><\/h2>\n\n\n\n<figure class=\"wp-block-image size-large\"><img loading=\"lazy\" decoding=\"async\" width=\"931\" height=\"1024\" src=\"https:\/\/latribunera.com\/apuntes\/wp-content\/uploads\/2020\/09\/E33B6D8E-EC08-407A-B324-25F4F2650628-931x1024.jpeg\" alt=\"\" class=\"wp-image-7276\" srcset=\"https:\/\/latribunera.com\/apuntes\/wp-content\/uploads\/2020\/09\/E33B6D8E-EC08-407A-B324-25F4F2650628-931x1024.jpeg 931w, https:\/\/latribunera.com\/apuntes\/wp-content\/uploads\/2020\/09\/E33B6D8E-EC08-407A-B324-25F4F2650628-273x300.jpeg 273w, https:\/\/latribunera.com\/apuntes\/wp-content\/uploads\/2020\/09\/E33B6D8E-EC08-407A-B324-25F4F2650628-768x845.jpeg 768w, https:\/\/latribunera.com\/apuntes\/wp-content\/uploads\/2020\/09\/E33B6D8E-EC08-407A-B324-25F4F2650628.jpeg 1000w\" sizes=\"auto, (max-width: 931px) 100vw, 931px\" \/><\/figure>\n\n\n\n<p>Por segundo juego consecutivo, Andr\u00e9-Pierre&nbsp;Gignac se fue sin anotaciones, pero al quite sali\u00f3&nbsp;el uruguayo&nbsp;Nicol\u00e1s L\u00f3pez, quien se avent\u00f3 un doblete&nbsp;y suma su tercer gol en el torneo.<\/p>\n\n\n\n<p>EL defensor Luis Rodr\u00edguez fue quien se encarg\u00f3 de anotar el gol de la quiniela; el famoso Chaka no se hac\u00eda presente en la pizarra desde el 20 de julio de 2019.<\/p>\n\n\n\n<h2 class=\"wp-block-heading\"><strong>Am\u00e9rica 1-0 Chivas<\/strong><\/h2>\n\n\n\n<figure class=\"wp-block-image size-large\"><img loading=\"lazy\" decoding=\"async\" width=\"931\" height=\"1024\" src=\"https:\/\/latribunera.com\/apuntes\/wp-content\/uploads\/2020\/09\/94C87DE1-009E-4F3D-89AD-079026D668FF-931x1024.jpeg\" alt=\"\" class=\"wp-image-7277\" srcset=\"https:\/\/latribunera.com\/apuntes\/wp-content\/uploads\/2020\/09\/94C87DE1-009E-4F3D-89AD-079026D668FF-931x1024.jpeg 931w, https:\/\/latribunera.com\/apuntes\/wp-content\/uploads\/2020\/09\/94C87DE1-009E-4F3D-89AD-079026D668FF-273x300.jpeg 273w, https:\/\/latribunera.com\/apuntes\/wp-content\/uploads\/2020\/09\/94C87DE1-009E-4F3D-89AD-079026D668FF-768x845.jpeg 768w, https:\/\/latribunera.com\/apuntes\/wp-content\/uploads\/2020\/09\/94C87DE1-009E-4F3D-89AD-079026D668FF.jpeg 1000w\" sizes=\"auto, (max-width: 931px) 100vw, 931px\" \/><\/figure>\n\n\n\n<p>Un gol de Giovani Dos Santos y las \u00c1guilas se llevaron el Cl\u00e1sico Nacional; el dorsal 10 de Am\u00e9rica marc\u00f3&nbsp;apenas&nbsp;su cuarto gol con la casaca azulcrema, playera que ha defendido en 28 ocasiones.<\/p>\n\n\n\n<p>Fue el sexto juego sin gol de Chivas; El Reba\u00f1o, el equipo con m\u00e1s encuentros sin anotaciones en el torneo Guardianes 2020.<\/p>\n\n\n\n<h2 class=\"wp-block-heading\"><strong>Toluca 1-2 Santos<\/strong><\/h2>\n\n\n\n<figure class=\"wp-block-image size-large\"><img loading=\"lazy\" decoding=\"async\" width=\"931\" height=\"1024\" src=\"https:\/\/latribunera.com\/apuntes\/wp-content\/uploads\/2020\/09\/07C915DF-8D38-4CEE-AA8F-B5B30D2CAC87-931x1024.jpeg\" alt=\"\" class=\"wp-image-7278\" srcset=\"https:\/\/latribunera.com\/apuntes\/wp-content\/uploads\/2020\/09\/07C915DF-8D38-4CEE-AA8F-B5B30D2CAC87-931x1024.jpeg 931w, https:\/\/latribunera.com\/apuntes\/wp-content\/uploads\/2020\/09\/07C915DF-8D38-4CEE-AA8F-B5B30D2CAC87-273x300.jpeg 273w, https:\/\/latribunera.com\/apuntes\/wp-content\/uploads\/2020\/09\/07C915DF-8D38-4CEE-AA8F-B5B30D2CAC87-768x845.jpeg 768w, https:\/\/latribunera.com\/apuntes\/wp-content\/uploads\/2020\/09\/07C915DF-8D38-4CEE-AA8F-B5B30D2CAC87.jpeg 1000w\" sizes=\"auto, (max-width: 931px) 100vw, 931px\" \/><\/figure>\n\n\n\n<p>Tuvieron que pasar m\u00e1s de seis meses para que Santos volviera a obtener el&nbsp;triunfo fuera de su territorio, en todo el a\u00f1o apenas llevan dos victorias&nbsp;de visitante.<\/p>\n\n\n\n<h2 class=\"wp-block-heading\"><strong>San Luis 1-2 Monterrey<\/strong><\/h2>\n\n\n\n<figure class=\"wp-block-image size-large\"><img loading=\"lazy\" decoding=\"async\" width=\"931\" height=\"1024\" src=\"https:\/\/latribunera.com\/apuntes\/wp-content\/uploads\/2020\/09\/1520A2CE-7BA7-481A-97B8-7806B23E8ECF-931x1024.jpeg\" alt=\"\" class=\"wp-image-7280\" srcset=\"https:\/\/latribunera.com\/apuntes\/wp-content\/uploads\/2020\/09\/1520A2CE-7BA7-481A-97B8-7806B23E8ECF-931x1024.jpeg 931w, https:\/\/latribunera.com\/apuntes\/wp-content\/uploads\/2020\/09\/1520A2CE-7BA7-481A-97B8-7806B23E8ECF-273x300.jpeg 273w, https:\/\/latribunera.com\/apuntes\/wp-content\/uploads\/2020\/09\/1520A2CE-7BA7-481A-97B8-7806B23E8ECF-768x845.jpeg 768w, https:\/\/latribunera.com\/apuntes\/wp-content\/uploads\/2020\/09\/1520A2CE-7BA7-481A-97B8-7806B23E8ECF.jpeg 1000w\" sizes=\"auto, (max-width: 931px) 100vw, 931px\" \/><\/figure>\n\n\n\n<p>Con otro gol,&nbsp;el delantero&nbsp;Ak\u00e9 Loba&nbsp;volvi\u00f3 a responder la confianza de su t\u00e9cnico Antonio Mohamed; el jugador de Costa de Marfil en dos juegos como titular ha marcado tres goles.<\/p>\n\n\n\n<p>Aunque gan\u00f3,&nbsp;Rayados&nbsp;sigue siendo&nbsp;el \u00fanico equipo que ha recibido gol en todos los partidos.<\/p>\n\n\n\n<h2 class=\"wp-block-heading\"><strong>Le\u00f3n 2-0&nbsp;Pumas<\/strong><\/h2>\n\n\n\n<figure class=\"wp-block-image size-large\"><img loading=\"lazy\" decoding=\"async\" width=\"931\" height=\"1024\" src=\"https:\/\/latribunera.com\/apuntes\/wp-content\/uploads\/2020\/09\/5554202D-12C5-42FD-BD1A-DF233D4E213D-931x1024.jpeg\" alt=\"\" class=\"wp-image-7281\" srcset=\"https:\/\/latribunera.com\/apuntes\/wp-content\/uploads\/2020\/09\/5554202D-12C5-42FD-BD1A-DF233D4E213D-931x1024.jpeg 931w, https:\/\/latribunera.com\/apuntes\/wp-content\/uploads\/2020\/09\/5554202D-12C5-42FD-BD1A-DF233D4E213D-273x300.jpeg 273w, https:\/\/latribunera.com\/apuntes\/wp-content\/uploads\/2020\/09\/5554202D-12C5-42FD-BD1A-DF233D4E213D-768x845.jpeg 768w, https:\/\/latribunera.com\/apuntes\/wp-content\/uploads\/2020\/09\/5554202D-12C5-42FD-BD1A-DF233D4E213D.jpeg 1000w\" sizes=\"auto, (max-width: 931px) 100vw, 931px\" \/><\/figure>\n\n\n\n<p>El triunfo del Le\u00f3n acab\u00f3 con el invicto de la UNAM, resultado que pone a la Fiera&nbsp;dos puntos&nbsp;por encima del cuadro del Pedregal.<\/p>\n\n\n\n<p>La anotaci\u00f3n 250 del torneo fue obra del chileno Jean Meneses, su tanto 13 con la playera del Le\u00f3n.<\/p>\n","protected":false},"excerpt":{"rendered":"<p>Cruz Azul sigue marcando el camino en \u00e9l Guardianes 2020<\/p>\n","protected":false},"author":4,"featured_media":7270,"comment_status":"open","ping_status":"open","sticky":false,"template":"","format":"standard","meta":{"_jetpack_memberships_contains_paid_content":false,"footnotes":""},"categories":[3,2],"tags":[85,71,125,200,181,123,6,102],"class_list":["post-7269","post","type-post","status-publish","format-standard","has-post-thumbnail","hentry","category-futbol","category-futbol-mexicano","tag-america","tag-chivas","tag-cruz-azul","tag-guardianes-2020","tag-ligamx","tag-pumas","tag-rayados","tag-tigres"],"jetpack_featured_media_url":"https:\/\/latribunera.com\/apuntes\/wp-content\/uploads\/2020\/09\/E2CF3AF2-EB97-4FB6-A59B-0D2FB92D3018.jpeg","jetpack-related-posts":[{"id":45462,"url":"https:\/\/latribunera.com\/apuntes\/index.php\/2026\/07\/27\/una-experiencia-unica-para-la-aficion-en-el-estadio-corona\/","url_meta":{"origin":7269,"position":0},"title":"Una experiencia \u00fanica para la afici\u00f3n en el Estadio Corona","author":"Staff","date":"27 julio, 2026","format":false,"excerpt":"El Estadio Corona vivi\u00f3 una noche llena de emociones, en la que la sinergia entre el equipo y la afici\u00f3n se hizo presente de principio a fin. M\u00e1s de 20 mil aficionados se dieron cita en la casa de los Guerreros para compartir una jornada llena de momentos especiales. Desde\u2026","rel":"","context":"In &quot;Liga MX&quot;","block_context":{"text":"Liga MX","link":"https:\/\/latribunera.com\/apuntes\/index.php\/category\/futbol\/futbol-mexicano\/"},"img":{"alt_text":"","src":"https:\/\/i0.wp.com\/latribunera.com\/apuntes\/wp-content\/uploads\/2026\/07\/Carlos-Acevedo-Protocol-Tunel-Jornada-2-vs-Atlas.jpg?resize=350%2C200&ssl=1","width":350,"height":200,"srcset":"https:\/\/i0.wp.com\/latribunera.com\/apuntes\/wp-content\/uploads\/2026\/07\/Carlos-Acevedo-Protocol-Tunel-Jornada-2-vs-Atlas.jpg?resize=350%2C200&ssl=1 1x, https:\/\/i0.wp.com\/latribunera.com\/apuntes\/wp-content\/uploads\/2026\/07\/Carlos-Acevedo-Protocol-Tunel-Jornada-2-vs-Atlas.jpg?resize=525%2C300&ssl=1 1.5x, https:\/\/i0.wp.com\/latribunera.com\/apuntes\/wp-content\/uploads\/2026\/07\/Carlos-Acevedo-Protocol-Tunel-Jornada-2-vs-Atlas.jpg?resize=700%2C400&ssl=1 2x, https:\/\/i0.wp.com\/latribunera.com\/apuntes\/wp-content\/uploads\/2026\/07\/Carlos-Acevedo-Protocol-Tunel-Jornada-2-vs-Atlas.jpg?resize=1050%2C600&ssl=1 3x, https:\/\/i0.wp.com\/latribunera.com\/apuntes\/wp-content\/uploads\/2026\/07\/Carlos-Acevedo-Protocol-Tunel-Jornada-2-vs-Atlas.jpg?resize=1400%2C800&ssl=1 4x"},"classes":[]},{"id":45455,"url":"https:\/\/latribunera.com\/apuntes\/index.php\/2026\/07\/20\/club-santos-laguna-impulsa-el-futuro-de-la-laguna-con-inversion-en-infraestructura\/","url_meta":{"origin":7269,"position":1},"title":"Club Santos Laguna impulsa el futuro de la laguna con inversi\u00f3n en infraestructura","author":"Staff","date":"20 julio, 2026","format":false,"excerpt":"En los \u00faltimos ocho meses, el Club ha destinado 75 millones de pesos a la modernizaci\u00f3n de Territorio Santos Modelo y el Estadio Corona. Los proyectos fortalecen la experiencia de aficionados, jugadores, colaboradores y socios comerciales, adem\u00e1s de generar un importante impacto econ\u00f3mico en la regi\u00f3n. Club Santos Laguna contin\u00faa\u2026","rel":"","context":"In &quot;Liga MX&quot;","block_context":{"text":"Liga MX","link":"https:\/\/latribunera.com\/apuntes\/index.php\/category\/futbol\/futbol-mexicano\/"},"img":{"alt_text":"","src":"https:\/\/i0.wp.com\/latribunera.com\/apuntes\/wp-content\/uploads\/2026\/07\/e60fc472-db6f-4c99-80aa-c65e7754feb1.jpg?resize=350%2C200&ssl=1","width":350,"height":200,"srcset":"https:\/\/i0.wp.com\/latribunera.com\/apuntes\/wp-content\/uploads\/2026\/07\/e60fc472-db6f-4c99-80aa-c65e7754feb1.jpg?resize=350%2C200&ssl=1 1x, https:\/\/i0.wp.com\/latribunera.com\/apuntes\/wp-content\/uploads\/2026\/07\/e60fc472-db6f-4c99-80aa-c65e7754feb1.jpg?resize=525%2C300&ssl=1 1.5x, https:\/\/i0.wp.com\/latribunera.com\/apuntes\/wp-content\/uploads\/2026\/07\/e60fc472-db6f-4c99-80aa-c65e7754feb1.jpg?resize=700%2C400&ssl=1 2x, https:\/\/i0.wp.com\/latribunera.com\/apuntes\/wp-content\/uploads\/2026\/07\/e60fc472-db6f-4c99-80aa-c65e7754feb1.jpg?resize=1050%2C600&ssl=1 3x, https:\/\/i0.wp.com\/latribunera.com\/apuntes\/wp-content\/uploads\/2026\/07\/e60fc472-db6f-4c99-80aa-c65e7754feb1.jpg?resize=1400%2C800&ssl=1 4x"},"classes":[]},{"id":45489,"url":"https:\/\/latribunera.com\/apuntes\/index.php\/2026\/08\/14\/santos-laguna-invita-a-su-aficion-a-pintar-de-verde-el-corona-ante-chivas\/","url_meta":{"origin":7269,"position":2},"title":"Santos Laguna invita a su afici\u00f3n a pintar de verde el Corona ante Chivas.","author":"Staff","date":"14 agosto, 2026","format":false,"excerpt":"\u2022 Los Guerreros regresan a casa con el envi\u00f3n an\u00edmico de su triunfo ante Philadelphia Union y buscar\u00e1n, junto a su afici\u00f3n, su primera victoria del Apertura 2026. Luego de cerrar su participaci\u00f3n en la Leagues Cup 2026 con una victoria de 2 a 0 sobre Philadelphia Union en el\u2026","rel":"","context":"In &quot;Liga MX&quot;","block_context":{"text":"Liga MX","link":"https:\/\/latribunera.com\/apuntes\/index.php\/category\/futbol\/futbol-mexicano\/"},"img":{"alt_text":"","src":"https:\/\/i0.wp.com\/latribunera.com\/apuntes\/wp-content\/uploads\/2026\/08\/IMG-20260814-WA0041.jpg?resize=350%2C200&ssl=1","width":350,"height":200,"srcset":"https:\/\/i0.wp.com\/latribunera.com\/apuntes\/wp-content\/uploads\/2026\/08\/IMG-20260814-WA0041.jpg?resize=350%2C200&ssl=1 1x, https:\/\/i0.wp.com\/latribunera.com\/apuntes\/wp-content\/uploads\/2026\/08\/IMG-20260814-WA0041.jpg?resize=525%2C300&ssl=1 1.5x, https:\/\/i0.wp.com\/latribunera.com\/apuntes\/wp-content\/uploads\/2026\/08\/IMG-20260814-WA0041.jpg?resize=700%2C400&ssl=1 2x, https:\/\/i0.wp.com\/latribunera.com\/apuntes\/wp-content\/uploads\/2026\/08\/IMG-20260814-WA0041.jpg?resize=1050%2C600&ssl=1 3x, https:\/\/i0.wp.com\/latribunera.com\/apuntes\/wp-content\/uploads\/2026\/08\/IMG-20260814-WA0041.jpg?resize=1400%2C800&ssl=1 4x"},"classes":[]},{"id":45392,"url":"https:\/\/latribunera.com\/apuntes\/index.php\/2026\/04\/09\/se-presento-la-13va-edicion-del-guerreton\/","url_meta":{"origin":7269,"position":3},"title":"Se presento la 13va edici\u00f3n del Guerret\u00f3n.","author":"Staff","date":"9 abril, 2026","format":false,"excerpt":"A lo largo de sus primeras 12 ediciones, Guerret\u00f3n ha logrado recolectar m\u00e1s de 121,500juguetes, peluches y balones, beneficiando a diversas asociaciones e instituciones de laregi\u00f3n lagunera, entre ellas CRIT Durango, los sistemas DIF de distintos municipios, as\u00edcomo organizaciones educativas y asistenciales. A la fecha, se han instalado cuatro ludotecas\u2026","rel":"","context":"In &quot;Ganar Sirviendo&quot;","block_context":{"text":"Ganar Sirviendo","link":"https:\/\/latribunera.com\/apuntes\/index.php\/category\/futbol\/futbol-mexicano\/ganar-sirviendo\/"},"img":{"alt_text":"","src":"https:\/\/i0.wp.com\/latribunera.com\/apuntes\/wp-content\/uploads\/2026\/04\/9Guerreton-2026-2.jpg.jpeg?resize=350%2C200&ssl=1","width":350,"height":200,"srcset":"https:\/\/i0.wp.com\/latribunera.com\/apuntes\/wp-content\/uploads\/2026\/04\/9Guerreton-2026-2.jpg.jpeg?resize=350%2C200&ssl=1 1x, https:\/\/i0.wp.com\/latribunera.com\/apuntes\/wp-content\/uploads\/2026\/04\/9Guerreton-2026-2.jpg.jpeg?resize=525%2C300&ssl=1 1.5x, https:\/\/i0.wp.com\/latribunera.com\/apuntes\/wp-content\/uploads\/2026\/04\/9Guerreton-2026-2.jpg.jpeg?resize=700%2C400&ssl=1 2x, https:\/\/i0.wp.com\/latribunera.com\/apuntes\/wp-content\/uploads\/2026\/04\/9Guerreton-2026-2.jpg.jpeg?resize=1050%2C600&ssl=1 3x, https:\/\/i0.wp.com\/latribunera.com\/apuntes\/wp-content\/uploads\/2026\/04\/9Guerreton-2026-2.jpg.jpeg?resize=1400%2C800&ssl=1 4x"},"classes":[]},{"id":45502,"url":"https:\/\/latribunera.com\/apuntes\/index.php\/2026\/08\/25\/el-corona-se-prepara-para-una-noche-especial-ante-tigres\/","url_meta":{"origin":7269,"position":4},"title":"El Corona se prepara para una noche especial ante Tigres","author":"Staff","date":"25 agosto, 2026","format":false,"excerpt":"Un nuevo duelo en el Estadio Corona est\u00e1 cada vez m\u00e1s cerca y la afici\u00f3n santista se prepara para vivir una noche llena de emociones. Los Guerreros recibir\u00e1n a Tigres este s\u00e1bado 29 de agosto a las 21:10 horas, en partido correspondiente a la jornada 6 del Torneo Apertura 2026.\u2026","rel":"","context":"In &quot;Pasi\u00f3n Guerrera&quot;","block_context":{"text":"Pasi\u00f3n Guerrera","link":"https:\/\/latribunera.com\/apuntes\/index.php\/category\/tribus\/pasionguerrera\/"},"img":{"alt_text":"","src":"https:\/\/i0.wp.com\/latribunera.com\/apuntes\/wp-content\/uploads\/2026\/08\/Drones-TSM.jpg?resize=350%2C200&ssl=1","width":350,"height":200,"srcset":"https:\/\/i0.wp.com\/latribunera.com\/apuntes\/wp-content\/uploads\/2026\/08\/Drones-TSM.jpg?resize=350%2C200&ssl=1 1x, https:\/\/i0.wp.com\/latribunera.com\/apuntes\/wp-content\/uploads\/2026\/08\/Drones-TSM.jpg?resize=525%2C300&ssl=1 1.5x, https:\/\/i0.wp.com\/latribunera.com\/apuntes\/wp-content\/uploads\/2026\/08\/Drones-TSM.jpg?resize=700%2C400&ssl=1 2x, https:\/\/i0.wp.com\/latribunera.com\/apuntes\/wp-content\/uploads\/2026\/08\/Drones-TSM.jpg?resize=1050%2C600&ssl=1 3x, https:\/\/i0.wp.com\/latribunera.com\/apuntes\/wp-content\/uploads\/2026\/08\/Drones-TSM.jpg?resize=1400%2C800&ssl=1 4x"},"classes":[]},{"id":45429,"url":"https:\/\/latribunera.com\/apuntes\/index.php\/2026\/05\/19\/club-santos-laguna-anuncia-a-renato-paiva-como-director-tecnico-de-los-guerreros\/","url_meta":{"origin":7269,"position":5},"title":"Club Santos Laguna anuncia a Renato Paiva como director t\u00e9cnico de los Guerreros","author":"Jacob Alarcon","date":"19 mayo, 2026","format":false,"excerpt":"Club Santos Laguna informa la contrataci\u00f3n de Renato Manuel Alves Paiva como Director T\u00e9cnico del Primer Equipo de los Guerreros. La incorporaci\u00f3n del estratega portugu\u00e9s forma parte de la reestructura deportiva que vive la instituci\u00f3n santista, enfocada en impulsar un cambio de fondo que permita fortalecer su metodolog\u00eda de trabajo\u2026","rel":"","context":"In &quot;Pasi\u00f3n Guerrera&quot;","block_context":{"text":"Pasi\u00f3n Guerrera","link":"https:\/\/latribunera.com\/apuntes\/index.php\/category\/tribus\/pasionguerrera\/"},"img":{"alt_text":"","src":"https:\/\/i0.wp.com\/latribunera.com\/apuntes\/wp-content\/uploads\/2026\/05\/b5856b03-d2a7-4e72-95af-09fe86011ed5.jpg?resize=350%2C200&ssl=1","width":350,"height":200,"srcset":"https:\/\/i0.wp.com\/latribunera.com\/apuntes\/wp-content\/uploads\/2026\/05\/b5856b03-d2a7-4e72-95af-09fe86011ed5.jpg?resize=350%2C200&ssl=1 1x, https:\/\/i0.wp.com\/latribunera.com\/apuntes\/wp-content\/uploads\/2026\/05\/b5856b03-d2a7-4e72-95af-09fe86011ed5.jpg?resize=525%2C300&ssl=1 1.5x, https:\/\/i0.wp.com\/latribunera.com\/apuntes\/wp-content\/uploads\/2026\/05\/b5856b03-d2a7-4e72-95af-09fe86011ed5.jpg?resize=700%2C400&ssl=1 2x, https:\/\/i0.wp.com\/latribunera.com\/apuntes\/wp-content\/uploads\/2026\/05\/b5856b03-d2a7-4e72-95af-09fe86011ed5.jpg?resize=1050%2C600&ssl=1 3x, https:\/\/i0.wp.com\/latribunera.com\/apuntes\/wp-content\/uploads\/2026\/05\/b5856b03-d2a7-4e72-95af-09fe86011ed5.jpg?resize=1400%2C800&ssl=1 4x"},"classes":[]}],"jetpack_sharing_enabled":true,"_links":{"self":[{"href":"https:\/\/latribunera.com\/apuntes\/index.php\/wp-json\/wp\/v2\/posts\/7269","targetHints":{"allow":["GET"]}}],"collection":[{"href":"https:\/\/latribunera.com\/apuntes\/index.php\/wp-json\/wp\/v2\/posts"}],"about":[{"href":"https:\/\/latribunera.com\/apuntes\/index.php\/wp-json\/wp\/v2\/types\/post"}],"author":[{"embeddable":true,"href":"https:\/\/latribunera.com\/apuntes\/index.php\/wp-json\/wp\/v2\/users\/4"}],"replies":[{"embeddable":true,"href":"https:\/\/latribunera.com\/apuntes\/index.php\/wp-json\/wp\/v2\/comments?post=7269"}],"version-history":[{"count":4,"href":"https:\/\/latribunera.com\/apuntes\/index.php\/wp-json\/wp\/v2\/posts\/7269\/revisions"}],"predecessor-version":[{"id":7284,"href":"https:\/\/latribunera.com\/apuntes\/index.php\/wp-json\/wp\/v2\/posts\/7269\/revisions\/7284"}],"wp:featuredmedia":[{"embeddable":true,"href":"https:\/\/latribunera.com\/apuntes\/index.php\/wp-json\/wp\/v2\/media\/7270"}],"wp:attachment":[{"href":"https:\/\/latribunera.com\/apuntes\/index.php\/wp-json\/wp\/v2\/media?parent=7269"}],"wp:term":[{"taxonomy":"category","embeddable":true,"href":"https:\/\/latribunera.com\/apuntes\/index.php\/wp-json\/wp\/v2\/categories?post=7269"},{"taxonomy":"post_tag","embeddable":true,"href":"https:\/\/latribunera.com\/apuntes\/index.php\/wp-json\/wp\/v2\/tags?post=7269"}],"curies":[{"name":"wp","href":"https:\/\/api.w.org\/{rel}","templated":true}]}}