{"id":7583,"date":"2020-10-03T05:11:29","date_gmt":"2020-10-03T05:11:29","guid":{"rendered":"https:\/\/latribunera.com\/apuntes\/?p=7583"},"modified":"2020-10-03T06:58:05","modified_gmt":"2020-10-03T06:58:05","slug":"pumas-obligado-a-dar-un-golpe-de-autoridad-en-el-derbi-parchado","status":"publish","type":"post","link":"https:\/\/latribunera.com\/apuntes\/index.php\/2020\/10\/03\/pumas-obligado-a-dar-un-golpe-de-autoridad-en-el-derbi-parchado\/","title":{"rendered":"Pumas, obligado a dar un golpe de autoridad en el derbi parchado."},"content":{"rendered":"\n<figure class=\"wp-block-gallery columns-1 is-cropped wp-block-gallery-1 is-layout-flex wp-block-gallery-is-layout-flex\"><ul class=\"blocks-gallery-grid\"><li class=\"blocks-gallery-item\"><figure><img loading=\"lazy\" decoding=\"async\" width=\"1024\" height=\"682\" src=\"https:\/\/latribunera.com\/apuntes\/wp-content\/uploads\/2020\/10\/EjVSobVX0DUqZtW-1024x682.jpg\" alt=\"\" data-id=\"7585\" data-full-url=\"https:\/\/latribunera.com\/apuntes\/wp-content\/uploads\/2020\/10\/EjVSobVX0DUqZtW.jpg\" data-link=\"https:\/\/latribunera.com\/apuntes\/?attachment_id=7585\" class=\"wp-image-7585\" srcset=\"https:\/\/latribunera.com\/apuntes\/wp-content\/uploads\/2020\/10\/EjVSobVX0DUqZtW-1024x682.jpg 1024w, https:\/\/latribunera.com\/apuntes\/wp-content\/uploads\/2020\/10\/EjVSobVX0DUqZtW-300x200.jpg 300w, https:\/\/latribunera.com\/apuntes\/wp-content\/uploads\/2020\/10\/EjVSobVX0DUqZtW-768x512.jpg 768w, https:\/\/latribunera.com\/apuntes\/wp-content\/uploads\/2020\/10\/EjVSobVX0DUqZtW-1536x1023.jpg 1536w, https:\/\/latribunera.com\/apuntes\/wp-content\/uploads\/2020\/10\/EjVSobVX0DUqZtW.jpg 2048w\" sizes=\"auto, (max-width: 1024px) 100vw, 1024px\" \/><\/figure><\/li><\/ul><\/figure>\n\n\n\n<p>Por Danie\nCort\u00e9s \/ @DanieCortesB<\/p>\n\n\n\n<p>Avanza la cabal\u00edstica jornada 13 del Futbol Mexicano y este s\u00e1bado llega el partido m\u00e1s atractivo y uno de los m\u00e1s esperados del torneo: el Cl\u00e1sico Capitalino, partido que, levanta mucho morbo no solo por la pasi\u00f3n que despiertan Am\u00e9rica y Pumas, la rivalidad es un factor importante, pero en esta ocasi\u00f3n, los reflectores apuntan a dos equipos mermados por lesiones, bajas y contagios de coronavirus.<\/p>\n\n\n<p><script async=\"\" src=\"https:\/\/pagead2.googlesyndication.com\/pagead\/js\/adsbygoogle.js\"><\/script><br \/>\n<!-- PC 728x90 --><br \/>\n<ins class=\"adsbygoogle\" style=\"display:inline-block;width:728px;height:90px\" data-ad-client=\"ca-pub-9427576701762839\" data-ad-slot=\"1011393878\"><\/ins><br \/>\n<script>\n     (adsbygoogle = window.adsbygoogle || []).push({});\n<\/script><\/p>\n\n\n\n<p>Por un lado,\ntenemos a las \u00c1guilas de Miguel Herrera que tras haber jugado dos cl\u00e1sicos no\nhan demostrado el espect\u00e1culo al que tiene acostumbrados a sus aficionados. Aunado\na eso, las pol\u00e9micas declaraciones tras la repentina lesi\u00f3n de Guillermo Ochoa\ny todas sus bajas en su cuadro titular mantienen al equipo de Coapa en el ojo\ndel hurac\u00e1n; el Piojo est\u00e1 urgido de una victoria contundente para mantener\nconforme la exigencia de su afici\u00f3n.<\/p>\n\n\n\n<p><\/p>\n\n\n\n<figure class=\"wp-block-image size-large\"><img loading=\"lazy\" decoding=\"async\" width=\"1024\" height=\"1024\" src=\"https:\/\/latribunera.com\/apuntes\/wp-content\/uploads\/2020\/10\/EjWyvYIXsAAUS7H-1024x1024.jpg\" alt=\"\" class=\"wp-image-7586\" srcset=\"https:\/\/latribunera.com\/apuntes\/wp-content\/uploads\/2020\/10\/EjWyvYIXsAAUS7H-1024x1024.jpg 1024w, https:\/\/latribunera.com\/apuntes\/wp-content\/uploads\/2020\/10\/EjWyvYIXsAAUS7H-300x300.jpg 300w, https:\/\/latribunera.com\/apuntes\/wp-content\/uploads\/2020\/10\/EjWyvYIXsAAUS7H-150x150.jpg 150w, https:\/\/latribunera.com\/apuntes\/wp-content\/uploads\/2020\/10\/EjWyvYIXsAAUS7H-768x768.jpg 768w, https:\/\/latribunera.com\/apuntes\/wp-content\/uploads\/2020\/10\/EjWyvYIXsAAUS7H-400x400.jpg 400w, https:\/\/latribunera.com\/apuntes\/wp-content\/uploads\/2020\/10\/EjWyvYIXsAAUS7H.jpg 1280w\" sizes=\"auto, (max-width: 1024px) 100vw, 1024px\" \/><\/figure>\n\n\n\n<p>Del otro sitio de la cancha, los universitarios tambi\u00e9n tendr\u00e1n bajas importantes comenzando por la de Alfredo Talavera, quien desde que lleg\u00f3, ilusion\u00f3 a los aficionados auriazules pues se ha mostrado seguro en el arco y ha sido fundamental en el buen comienzo de la escuadra del t\u00e9cnico Andr\u00e9s Lillini.<\/p>\n\n\n<p><script async=\"\" src=\"https:\/\/pagead2.googlesyndication.com\/pagead\/js\/adsbygoogle.js\"><\/script><br \/>\n<!-- PC 728x90 --><br \/>\n<ins class=\"adsbygoogle\" style=\"display:inline-block;width:728px;height:90px\" data-ad-client=\"ca-pub-9427576701762839\" data-ad-slot=\"1011393878\"><\/ins><br \/>\n<script>\n     (adsbygoogle = window.adsbygoogle || []).push({});\n<\/script><\/p>\n\n\n\n<p>El\nliderazgo de Tala, aparte de sus grandes actuaciones le dieron un lugar en la convocatoria\nde Gerardo Martino, quien adem\u00e1s lo considera como el arquero titular ante\nHolanda, situaci\u00f3n por la cual, ser\u00e1 el gran ausente por parte de los felinos\nen el Cl\u00e1sico Capitalino. <\/p>\n\n\n\n<p>Su llamado\na Selecci\u00f3n Mexicana caus\u00f3 \u2018pol\u00e9mica\u2019 en algunos fans de Pumas producto de la\nnecesidad de ver un buen arquero ante Am\u00e9rica pues el equipo siempre hab\u00eda\nflaqueado en esa posici\u00f3n.<\/p>\n\n\n\n<p>Las bajas\nde Carlos Gonz\u00e1lez y Nicol\u00e1s Freir\u00e9 por Coronavirus tambi\u00e9n fueron inesperada,\npues a un d\u00eda de jugarse el encuentro ante Am\u00e9rica se dio a conocer que ambos\njugadores no podr\u00e1n estar presentes en el partido, ambos, titulares inamovibles\nen el parado del Pedregal.<\/p>\n\n\n\n<p>Se espera un duelo que no falle a sus hinchas, un juego donde la pasi\u00f3n abunde, pero, sobre todo, que haya muchos goles y espect\u00e1culo, ese que ha faltado en los \u00faltimos tres cl\u00e1sicos del Futbol Mexicano y m\u00e1s aun sabiendo que no estar\u00e1n jugadores protag\u00f3nicos como Talavera y Guillermo Ochoa.<\/p>\n\n\n<p><script async=\"\" src=\"https:\/\/pagead2.googlesyndication.com\/pagead\/js\/adsbygoogle.js\"><\/script><br \/>\n<!-- PC 728x90 --><br \/>\n<ins class=\"adsbygoogle\" style=\"display:inline-block;width:728px;height:90px\" data-ad-client=\"ca-pub-9427576701762839\" data-ad-slot=\"1011393878\"><\/ins><br \/>\n<script>\n     (adsbygoogle = window.adsbygoogle || []).push({});\n<\/script><\/p>\n","protected":false},"excerpt":{"rendered":"<p>Por Danie Cort\u00e9s \/ @DanieCortesB Avanza la cabal\u00edstica jornada 13 del Futbol Mexicano y este s\u00e1bado llega el partido m\u00e1s atractivo y uno de los m\u00e1s esperados del torneo: el Cl\u00e1sico Capitalino, partido que, levanta mucho morbo no solo por la pasi\u00f3n que despiertan Am\u00e9rica y Pumas, la rivalidad es un factor importante, pero en&#8230; <\/p>\n<div class=\"clear\"><\/div>\n<p><a href=\"https:\/\/latribunera.com\/apuntes\/index.php\/2020\/10\/03\/pumas-obligado-a-dar-un-golpe-de-autoridad-en-el-derbi-parchado\/\" class=\"excerpt-read-more\">Read More<i class=\"fa fa-caret-right icon-caret-right\"><\/i><\/a><\/p>\n","protected":false},"author":4,"featured_media":7584,"comment_status":"open","ping_status":"open","sticky":false,"template":"","format":"standard","meta":{"_jetpack_memberships_contains_paid_content":false,"footnotes":""},"categories":[3,2],"tags":[123,202],"class_list":["post-7583","post","type-post","status-publish","format-standard","has-post-thumbnail","hentry","category-futbol","category-futbol-mexicano","tag-pumas","tag-unam"],"jetpack_featured_media_url":"https:\/\/latribunera.com\/apuntes\/wp-content\/uploads\/2020\/10\/EiIdGT7XkAY0ULl.jpg","jetpack-related-posts":[{"id":45386,"url":"https:\/\/latribunera.com\/apuntes\/index.php\/2026\/03\/11\/santos-launa-impulsa-mejoras-en-la-infraestructura-de-tsm-y-estadio-corona\/","url_meta":{"origin":7583,"position":0},"title":"Santos Laguna impulsa mejoras en la infraestructura de TSM y Estadio Corona","author":"Jacob Alarcon","date":"11 marzo, 2026","format":false,"excerpt":"Club Santos Laguna lleva a cabo una serie de reformas y mejoras en la infraestructura de TerritorioSantos Modelo y del Estadio Corona, con el objetivo de impulsar la innovaci\u00f3n tecnol\u00f3gica, lasostenibilidad y la modernizaci\u00f3n de sus espacios.Con estas acciones, el club contin\u00faa fortaleciendo la experiencia de sus aficionados yactualizando sus\u2026","rel":"","context":"In &quot;Pasi\u00f3n Guerrera&quot;","block_context":{"text":"Pasi\u00f3n Guerrera","link":"https:\/\/latribunera.com\/apuntes\/index.php\/category\/tribus\/pasionguerrera\/"},"img":{"alt_text":"","src":"https:\/\/i0.wp.com\/latribunera.com\/apuntes\/wp-content\/uploads\/2026\/03\/Renovacion-TSM.jpg?resize=350%2C200&ssl=1","width":350,"height":200,"srcset":"https:\/\/i0.wp.com\/latribunera.com\/apuntes\/wp-content\/uploads\/2026\/03\/Renovacion-TSM.jpg?resize=350%2C200&ssl=1 1x, https:\/\/i0.wp.com\/latribunera.com\/apuntes\/wp-content\/uploads\/2026\/03\/Renovacion-TSM.jpg?resize=525%2C300&ssl=1 1.5x, https:\/\/i0.wp.com\/latribunera.com\/apuntes\/wp-content\/uploads\/2026\/03\/Renovacion-TSM.jpg?resize=700%2C400&ssl=1 2x, https:\/\/i0.wp.com\/latribunera.com\/apuntes\/wp-content\/uploads\/2026\/03\/Renovacion-TSM.jpg?resize=1050%2C600&ssl=1 3x, https:\/\/i0.wp.com\/latribunera.com\/apuntes\/wp-content\/uploads\/2026\/03\/Renovacion-TSM.jpg?resize=1400%2C800&ssl=1 4x"},"classes":[]},{"id":45392,"url":"https:\/\/latribunera.com\/apuntes\/index.php\/2026\/04\/09\/se-presento-la-13va-edicion-del-guerreton\/","url_meta":{"origin":7583,"position":1},"title":"Se presento la 13va edici\u00f3n del Guerret\u00f3n.","author":"Staff","date":"9 abril, 2026","format":false,"excerpt":"A lo largo de sus primeras 12 ediciones, Guerret\u00f3n ha logrado recolectar m\u00e1s de 121,500juguetes, peluches y balones, beneficiando a diversas asociaciones e instituciones de laregi\u00f3n lagunera, entre ellas CRIT Durango, los sistemas DIF de distintos municipios, as\u00edcomo organizaciones educativas y asistenciales. A la fecha, se han instalado cuatro ludotecas\u2026","rel":"","context":"In &quot;Ganar Sirviendo&quot;","block_context":{"text":"Ganar Sirviendo","link":"https:\/\/latribunera.com\/apuntes\/index.php\/category\/futbol\/futbol-mexicano\/ganar-sirviendo\/"},"img":{"alt_text":"","src":"https:\/\/i0.wp.com\/latribunera.com\/apuntes\/wp-content\/uploads\/2026\/04\/9Guerreton-2026-2.jpg.jpeg?resize=350%2C200&ssl=1","width":350,"height":200,"srcset":"https:\/\/i0.wp.com\/latribunera.com\/apuntes\/wp-content\/uploads\/2026\/04\/9Guerreton-2026-2.jpg.jpeg?resize=350%2C200&ssl=1 1x, https:\/\/i0.wp.com\/latribunera.com\/apuntes\/wp-content\/uploads\/2026\/04\/9Guerreton-2026-2.jpg.jpeg?resize=525%2C300&ssl=1 1.5x, https:\/\/i0.wp.com\/latribunera.com\/apuntes\/wp-content\/uploads\/2026\/04\/9Guerreton-2026-2.jpg.jpeg?resize=700%2C400&ssl=1 2x, https:\/\/i0.wp.com\/latribunera.com\/apuntes\/wp-content\/uploads\/2026\/04\/9Guerreton-2026-2.jpg.jpeg?resize=1050%2C600&ssl=1 3x, https:\/\/i0.wp.com\/latribunera.com\/apuntes\/wp-content\/uploads\/2026\/04\/9Guerreton-2026-2.jpg.jpeg?resize=1400%2C800&ssl=1 4x"},"classes":[]},{"id":45421,"url":"https:\/\/latribunera.com\/apuntes\/index.php\/2026\/04\/16\/todo-listo-para-la-14va-edicion-de-la-copa-internacional-santos-penoles\/","url_meta":{"origin":7583,"position":2},"title":"Todo listo para la 14va edici\u00f3n de la Copa Internacional Santos Pe\u00f1oles","author":"Jacob Alarcon","date":"16 abril, 2026","format":false,"excerpt":"Este jueves, en el Auditorio Orlegi de Territorio Santos Modelo, se llev\u00f3 a cabo la presentaci\u00f3noficial de la edici\u00f3n 2026 de la Copa Internacional Santos Pe\u00f1oles, torneo que se ha consolidadocomo uno de los m\u00e1s importantes a nivel infantil y juvenil en M\u00e9xico. Adem\u00e1s de brindar una competencia deportiva de\u2026","rel":"","context":"In &quot;Sin categor\u00eda&quot;","block_context":{"text":"Sin categor\u00eda","link":"https:\/\/latribunera.com\/apuntes\/index.php\/category\/sin-categoria\/"},"img":{"alt_text":"","src":"https:\/\/i0.wp.com\/latribunera.com\/apuntes\/wp-content\/uploads\/2026\/04\/Presentacion-Copa-Santos-Penoles.jpg?resize=350%2C200&ssl=1","width":350,"height":200,"srcset":"https:\/\/i0.wp.com\/latribunera.com\/apuntes\/wp-content\/uploads\/2026\/04\/Presentacion-Copa-Santos-Penoles.jpg?resize=350%2C200&ssl=1 1x, https:\/\/i0.wp.com\/latribunera.com\/apuntes\/wp-content\/uploads\/2026\/04\/Presentacion-Copa-Santos-Penoles.jpg?resize=525%2C300&ssl=1 1.5x, https:\/\/i0.wp.com\/latribunera.com\/apuntes\/wp-content\/uploads\/2026\/04\/Presentacion-Copa-Santos-Penoles.jpg?resize=700%2C400&ssl=1 2x, https:\/\/i0.wp.com\/latribunera.com\/apuntes\/wp-content\/uploads\/2026\/04\/Presentacion-Copa-Santos-Penoles.jpg?resize=1050%2C600&ssl=1 3x, https:\/\/i0.wp.com\/latribunera.com\/apuntes\/wp-content\/uploads\/2026\/04\/Presentacion-Copa-Santos-Penoles.jpg?resize=1400%2C800&ssl=1 4x"},"classes":[]}],"jetpack_sharing_enabled":true,"_links":{"self":[{"href":"https:\/\/latribunera.com\/apuntes\/index.php\/wp-json\/wp\/v2\/posts\/7583","targetHints":{"allow":["GET"]}}],"collection":[{"href":"https:\/\/latribunera.com\/apuntes\/index.php\/wp-json\/wp\/v2\/posts"}],"about":[{"href":"https:\/\/latribunera.com\/apuntes\/index.php\/wp-json\/wp\/v2\/types\/post"}],"author":[{"embeddable":true,"href":"https:\/\/latribunera.com\/apuntes\/index.php\/wp-json\/wp\/v2\/users\/4"}],"replies":[{"embeddable":true,"href":"https:\/\/latribunera.com\/apuntes\/index.php\/wp-json\/wp\/v2\/comments?post=7583"}],"version-history":[{"count":4,"href":"https:\/\/latribunera.com\/apuntes\/index.php\/wp-json\/wp\/v2\/posts\/7583\/revisions"}],"predecessor-version":[{"id":7590,"href":"https:\/\/latribunera.com\/apuntes\/index.php\/wp-json\/wp\/v2\/posts\/7583\/revisions\/7590"}],"wp:featuredmedia":[{"embeddable":true,"href":"https:\/\/latribunera.com\/apuntes\/index.php\/wp-json\/wp\/v2\/media\/7584"}],"wp:attachment":[{"href":"https:\/\/latribunera.com\/apuntes\/index.php\/wp-json\/wp\/v2\/media?parent=7583"}],"wp:term":[{"taxonomy":"category","embeddable":true,"href":"https:\/\/latribunera.com\/apuntes\/index.php\/wp-json\/wp\/v2\/categories?post=7583"},{"taxonomy":"post_tag","embeddable":true,"href":"https:\/\/latribunera.com\/apuntes\/index.php\/wp-json\/wp\/v2\/tags?post=7583"}],"curies":[{"name":"wp","href":"https:\/\/api.w.org\/{rel}","templated":true}]}}