{"id":7635,"date":"2020-10-05T15:24:45","date_gmt":"2020-10-05T15:24:45","guid":{"rendered":"https:\/\/latribunera.com\/apuntes\/?p=7635"},"modified":"2020-10-05T16:58:13","modified_gmt":"2020-10-05T16:58:13","slug":"lo-destacado-de-la-jornada-13-de-la-liga-mx","status":"publish","type":"post","link":"https:\/\/latribunera.com\/apuntes\/index.php\/2020\/10\/05\/lo-destacado-de-la-jornada-13-de-la-liga-mx\/","title":{"rendered":"LO DESTACADO DE LA JORNADA 13 DE LA LIGA MX"},"content":{"rendered":"\n<p><strong>POR: ALEJANDRO MART\u00cdNEZ<\/strong> \/ alexmtz8603<\/p>\n\n\n\n<p>Antes de tomarnos un break de 10 d\u00edas de la Liga MX revisemos a detalle lo que arrojaron los partidos de la fecha 13; La Fiera batall\u00f3 en su juego ante Mazatl\u00e1n, pero seguir\u00e1 siendo l\u00edder.<\/p>\n\n\n<p><script async=\"\" src=\"https:\/\/pagead2.googlesyndication.com\/pagead\/js\/adsbygoogle.js\"><\/script><br \/>\n<!-- PC 728x90 --><br \/>\n<ins class=\"adsbygoogle\" style=\"display:inline-block;width:728px;height:90px\" data-ad-client=\"ca-pub-9427576701762839\" data-ad-slot=\"1011393878\"><\/ins><br \/>\n<script>\n     (adsbygoogle = window.adsbygoogle || []).push({});\n<\/script><\/p>\n\n\n\n<h2 class=\"wp-block-heading\"><strong>Puebla 0-2&nbsp;Santos<\/strong><\/h2>\n\n\n\n<figure class=\"wp-block-image size-large\"><img loading=\"lazy\" decoding=\"async\" width=\"931\" height=\"1024\" src=\"https:\/\/latribunera.com\/apuntes\/wp-content\/uploads\/2020\/10\/3A2CA9A3-BEB1-4D00-ABB4-D28241945E2B-931x1024.jpeg\" alt=\"\" class=\"wp-image-7636\" srcset=\"https:\/\/latribunera.com\/apuntes\/wp-content\/uploads\/2020\/10\/3A2CA9A3-BEB1-4D00-ABB4-D28241945E2B-931x1024.jpeg 931w, https:\/\/latribunera.com\/apuntes\/wp-content\/uploads\/2020\/10\/3A2CA9A3-BEB1-4D00-ABB4-D28241945E2B-273x300.jpeg 273w, https:\/\/latribunera.com\/apuntes\/wp-content\/uploads\/2020\/10\/3A2CA9A3-BEB1-4D00-ABB4-D28241945E2B-768x845.jpeg 768w, https:\/\/latribunera.com\/apuntes\/wp-content\/uploads\/2020\/10\/3A2CA9A3-BEB1-4D00-ABB4-D28241945E2B.jpeg 1000w\" sizes=\"auto, (max-width: 931px) 100vw, 931px\" \/><\/figure>\n\n\n\n<p>Resultadazo para el equipo de la&nbsp;Comarca, quienes escalaron cinco&nbsp;sitios, del pelda\u00f1o 15 se subieron hasta el&nbsp;d\u00e9cimo,&nbsp;sitio&nbsp;de Reclasificaci\u00f3n.<\/p>\n\n\n\n<p>De local, la Franja no logra carburar: Los de la \u00c1ngelopolis en casa apenas&nbsp;han sumado&nbsp;cinco puntos de 18 posibles, cifras que los colocan como el peor equipo en este rubro.<\/p>\n\n\n\n<h2 class=\"wp-block-heading\"><strong>Le\u00f3n 2-1&nbsp;Mazatl\u00e1n<\/strong><\/h2>\n\n\n\n<figure class=\"wp-block-image size-large\"><img loading=\"lazy\" decoding=\"async\" width=\"931\" height=\"1024\" src=\"https:\/\/latribunera.com\/apuntes\/wp-content\/uploads\/2020\/10\/A8574552-7FF8-452E-9070-FBB580500263-931x1024.jpeg\" alt=\"\" class=\"wp-image-7637\" srcset=\"https:\/\/latribunera.com\/apuntes\/wp-content\/uploads\/2020\/10\/A8574552-7FF8-452E-9070-FBB580500263-931x1024.jpeg 931w, https:\/\/latribunera.com\/apuntes\/wp-content\/uploads\/2020\/10\/A8574552-7FF8-452E-9070-FBB580500263-273x300.jpeg 273w, https:\/\/latribunera.com\/apuntes\/wp-content\/uploads\/2020\/10\/A8574552-7FF8-452E-9070-FBB580500263-768x845.jpeg 768w, https:\/\/latribunera.com\/apuntes\/wp-content\/uploads\/2020\/10\/A8574552-7FF8-452E-9070-FBB580500263.jpeg 1000w\" sizes=\"auto, (max-width: 931px) 100vw, 931px\" \/><\/figure>\n\n\n\n<p>El noveno triunfo del equipo del Baj\u00edo lleg\u00f3&nbsp;in extremix: La Fiera igual\u00f3 la pizarra al 82\u2019 y al 94\u2019 le dio la voltereta frente al cuadro mazatleco, resultado que, les permiti\u00f3 seguir sin derrota en casa, misma situaci\u00f3n que solo pueden presumir Cruz Azul y Pumas.<\/p>\n\n\n\n<p>Jean Meneses, el amuleto del Baj\u00edo: el atacante chileno lleva tres jornadas seguidas entrando al terreno de juego y respondiendo con gol a la&nbsp;confianza&nbsp;de su t\u00e9cnico.<\/p>\n\n\n\n<p>Un d\u00eda despu\u00e9s de la derrota, Francisco Palencia fue cesado del tim\u00f3n del Mazatl\u00e1n.<\/p>\n\n\n\n<h2 class=\"wp-block-heading\"><strong>Atlas 0-1&nbsp;Necaxa<\/strong><\/h2>\n\n\n\n<figure class=\"wp-block-image size-large\"><img loading=\"lazy\" decoding=\"async\" width=\"931\" height=\"1024\" src=\"https:\/\/latribunera.com\/apuntes\/wp-content\/uploads\/2020\/10\/1C51EAEC-4802-4EF1-9BB0-ADA8B681AD43-931x1024.jpeg\" alt=\"\" class=\"wp-image-7638\" srcset=\"https:\/\/latribunera.com\/apuntes\/wp-content\/uploads\/2020\/10\/1C51EAEC-4802-4EF1-9BB0-ADA8B681AD43-931x1024.jpeg 931w, https:\/\/latribunera.com\/apuntes\/wp-content\/uploads\/2020\/10\/1C51EAEC-4802-4EF1-9BB0-ADA8B681AD43-273x300.jpeg 273w, https:\/\/latribunera.com\/apuntes\/wp-content\/uploads\/2020\/10\/1C51EAEC-4802-4EF1-9BB0-ADA8B681AD43-768x845.jpeg 768w, https:\/\/latribunera.com\/apuntes\/wp-content\/uploads\/2020\/10\/1C51EAEC-4802-4EF1-9BB0-ADA8B681AD43.jpeg 1000w\" sizes=\"auto, (max-width: 931px) 100vw, 931px\" \/><\/figure>\n\n\n\n<p>No hay quinto malo: Jos\u00e9 Guadalupe Cruz por f\u00edn pudo llevar a los Rayos a la victoria, un resultado que, le da ox\u00edgeno a su proyecto\u00a0con sus primeros tres puntos de visitante.<\/p>\n\n\n<p><script async=\"\" src=\"https:\/\/pagead2.googlesyndication.com\/pagead\/js\/adsbygoogle.js\"><\/script><br \/>\n<!-- PC 728x90 --><br \/>\n<ins class=\"adsbygoogle\" style=\"display:inline-block;width:728px;height:90px\" data-ad-client=\"ca-pub-9427576701762839\" data-ad-slot=\"1011393878\"><\/ins><br \/>\n<script>\n     (adsbygoogle = window.adsbygoogle || []).push({});\n<\/script><\/p>\n\n\n\n<h2 class=\"wp-block-heading\"><strong>Tigres 3-0&nbsp;San Luis<\/strong><\/h2>\n\n\n\n<figure class=\"wp-block-image size-large\"><img loading=\"lazy\" decoding=\"async\" width=\"931\" height=\"1024\" src=\"https:\/\/latribunera.com\/apuntes\/wp-content\/uploads\/2020\/10\/FD646289-27F9-4A9B-AEA8-F20512E2EC3A-931x1024.jpeg\" alt=\"\" class=\"wp-image-7639\" srcset=\"https:\/\/latribunera.com\/apuntes\/wp-content\/uploads\/2020\/10\/FD646289-27F9-4A9B-AEA8-F20512E2EC3A-931x1024.jpeg 931w, https:\/\/latribunera.com\/apuntes\/wp-content\/uploads\/2020\/10\/FD646289-27F9-4A9B-AEA8-F20512E2EC3A-273x300.jpeg 273w, https:\/\/latribunera.com\/apuntes\/wp-content\/uploads\/2020\/10\/FD646289-27F9-4A9B-AEA8-F20512E2EC3A-768x845.jpeg 768w, https:\/\/latribunera.com\/apuntes\/wp-content\/uploads\/2020\/10\/FD646289-27F9-4A9B-AEA8-F20512E2EC3A.jpeg 1000w\" sizes=\"auto, (max-width: 931px) 100vw, 931px\" \/><\/figure>\n\n\n\n<p>Los pupilos de Ricardo Ferretti hilvanan cuatro juegos con victoria, todos estos partidos dejando su arco sin anotaciones, estad\u00edsticas que los tienen muy cerca de la Liguilla directa.<\/p>\n\n\n\n<p>El atacante franc\u00e9s Andr\u00e9-Pierre Gignac jug\u00f3 su partido 200 con Tigres exclusivamente en juegos de Liga MX, cotejo que, celebr\u00f3 con una anotaci\u00f3n.<\/p>\n\n\n\n<h2 class=\"wp-block-heading\"><strong>Am\u00e9rica 2-2&nbsp;Pumas<\/strong><\/h2>\n\n\n\n<figure class=\"wp-block-image size-large\"><img loading=\"lazy\" decoding=\"async\" width=\"931\" height=\"1024\" src=\"https:\/\/latribunera.com\/apuntes\/wp-content\/uploads\/2020\/10\/969B4267-9318-4E1A-99B7-78D381BE0922-931x1024.jpeg\" alt=\"\" class=\"wp-image-7640\" srcset=\"https:\/\/latribunera.com\/apuntes\/wp-content\/uploads\/2020\/10\/969B4267-9318-4E1A-99B7-78D381BE0922-931x1024.jpeg 931w, https:\/\/latribunera.com\/apuntes\/wp-content\/uploads\/2020\/10\/969B4267-9318-4E1A-99B7-78D381BE0922-273x300.jpeg 273w, https:\/\/latribunera.com\/apuntes\/wp-content\/uploads\/2020\/10\/969B4267-9318-4E1A-99B7-78D381BE0922-768x845.jpeg 768w, https:\/\/latribunera.com\/apuntes\/wp-content\/uploads\/2020\/10\/969B4267-9318-4E1A-99B7-78D381BE0922.jpeg 1000w\" sizes=\"auto, (max-width: 931px) 100vw, 931px\" \/><\/figure>\n\n\n\n<p>Tras tres cl\u00e1sicos seguidos, Am\u00e9rica sali\u00f3 sin heridas: triunfo frente a Chivas e igualadas ante Cruz Azul y Pumas<\/p>\n\n\n\n<p>En contra parte, el nivel de la UNAM ha ido a menos arrojando&nbsp;un saldo de una derrota y dos igualadas.<\/p>\n\n\n\n<h2 class=\"wp-block-heading\"><strong>Toluca 2-0&nbsp;Cruz Azul<\/strong><\/h2>\n\n\n\n<figure class=\"wp-block-image size-large\"><img loading=\"lazy\" decoding=\"async\" width=\"931\" height=\"1024\" src=\"https:\/\/latribunera.com\/apuntes\/wp-content\/uploads\/2020\/10\/FC6839B1-2E3B-4A9F-A519-3C5912253014-931x1024.jpeg\" alt=\"\" class=\"wp-image-7641\" srcset=\"https:\/\/latribunera.com\/apuntes\/wp-content\/uploads\/2020\/10\/FC6839B1-2E3B-4A9F-A519-3C5912253014-931x1024.jpeg 931w, https:\/\/latribunera.com\/apuntes\/wp-content\/uploads\/2020\/10\/FC6839B1-2E3B-4A9F-A519-3C5912253014-273x300.jpeg 273w, https:\/\/latribunera.com\/apuntes\/wp-content\/uploads\/2020\/10\/FC6839B1-2E3B-4A9F-A519-3C5912253014-768x845.jpeg 768w, https:\/\/latribunera.com\/apuntes\/wp-content\/uploads\/2020\/10\/FC6839B1-2E3B-4A9F-A519-3C5912253014.jpeg 1000w\" sizes=\"auto, (max-width: 931px) 100vw, 931px\" \/><\/figure>\n\n\n\n<p>Las aguas se calmaron en el infierno: tras la destituci\u00f3n del t\u00e9cnico\u00a0Jos\u00e9 Manuel De la Torre, Carlos Morales se qued\u00f3 en el tim\u00f3n de forma interina y logr\u00f3 llevar al equipo a su cuarto triunfo en el Nemesio Diez.<\/p>\n\n\n<p><script async=\"\" src=\"https:\/\/pagead2.googlesyndication.com\/pagead\/js\/adsbygoogle.js\"><\/script><br \/>\n<!-- PC 728x90 --><br \/>\n<ins class=\"adsbygoogle\" style=\"display:inline-block;width:728px;height:90px\" data-ad-client=\"ca-pub-9427576701762839\" data-ad-slot=\"1011393878\"><\/ins><br \/>\n<script>\n     (adsbygoogle = window.adsbygoogle || []).push({});\n<\/script><\/p>\n\n\n\n<h2 class=\"wp-block-heading\"><strong>Ju\u00e1rez 1-1&nbsp;Pachuca<\/strong><\/h2>\n\n\n\n<figure class=\"wp-block-image size-large\"><img loading=\"lazy\" decoding=\"async\" width=\"931\" height=\"1024\" src=\"https:\/\/latribunera.com\/apuntes\/wp-content\/uploads\/2020\/10\/12A655AE-5A13-433E-828C-5B133D0A426A-931x1024.jpeg\" alt=\"\" class=\"wp-image-7642\" srcset=\"https:\/\/latribunera.com\/apuntes\/wp-content\/uploads\/2020\/10\/12A655AE-5A13-433E-828C-5B133D0A426A-931x1024.jpeg 931w, https:\/\/latribunera.com\/apuntes\/wp-content\/uploads\/2020\/10\/12A655AE-5A13-433E-828C-5B133D0A426A-273x300.jpeg 273w, https:\/\/latribunera.com\/apuntes\/wp-content\/uploads\/2020\/10\/12A655AE-5A13-433E-828C-5B133D0A426A-768x845.jpeg 768w, https:\/\/latribunera.com\/apuntes\/wp-content\/uploads\/2020\/10\/12A655AE-5A13-433E-828C-5B133D0A426A.jpeg 1000w\" sizes=\"auto, (max-width: 931px) 100vw, 931px\" \/><\/figure>\n\n\n\n<p>De los 14 goles que llevan los Tuzos, tres han sido de V\u00edctor Guzm\u00e1n, el \u00fanico mexicano del plantel que se ha hecho presente en las redes rivales; el Pocho vacun\u00f3 ante Bravos.<\/p>\n\n\n\n<h2 class=\"wp-block-heading\"><strong>Gallos&nbsp;1-2&nbsp;Monterrey<\/strong><\/h2>\n\n\n\n<figure class=\"wp-block-image size-large\"><img loading=\"lazy\" decoding=\"async\" width=\"931\" height=\"1024\" src=\"https:\/\/latribunera.com\/apuntes\/wp-content\/uploads\/2020\/10\/60573376-F1FA-46ED-A43D-D768E07CE75B-931x1024.jpeg\" alt=\"\" class=\"wp-image-7643\" srcset=\"https:\/\/latribunera.com\/apuntes\/wp-content\/uploads\/2020\/10\/60573376-F1FA-46ED-A43D-D768E07CE75B-931x1024.jpeg 931w, https:\/\/latribunera.com\/apuntes\/wp-content\/uploads\/2020\/10\/60573376-F1FA-46ED-A43D-D768E07CE75B-273x300.jpeg 273w, https:\/\/latribunera.com\/apuntes\/wp-content\/uploads\/2020\/10\/60573376-F1FA-46ED-A43D-D768E07CE75B-768x845.jpeg 768w, https:\/\/latribunera.com\/apuntes\/wp-content\/uploads\/2020\/10\/60573376-F1FA-46ED-A43D-D768E07CE75B.jpeg 1000w\" sizes=\"auto, (max-width: 931px) 100vw, 931px\" \/><\/figure>\n\n\n\n<p>Sobre la hora un gol de Alfonso Gonz\u00e1lez le permiti\u00f3 a Rayados sacudirse el tropiezo del Cl\u00e1sico Regio,&nbsp;pero no logr\u00f3 terminar la mala racha de partidos consecutivos recibiendo gol,&nbsp;ya suman 25 duelos seguidos.<\/p>\n\n\n\n<h2 class=\"wp-block-heading\"><strong>Tijuana 0-0&nbsp;Chivas<\/strong><\/h2>\n\n\n\n<figure class=\"wp-block-image size-large\"><img loading=\"lazy\" decoding=\"async\" width=\"931\" height=\"1024\" src=\"https:\/\/latribunera.com\/apuntes\/wp-content\/uploads\/2020\/10\/E9FA307B-1DA0-4B22-8B61-83502CFF3131-931x1024.jpeg\" alt=\"\" class=\"wp-image-7644\" srcset=\"https:\/\/latribunera.com\/apuntes\/wp-content\/uploads\/2020\/10\/E9FA307B-1DA0-4B22-8B61-83502CFF3131-931x1024.jpeg 931w, https:\/\/latribunera.com\/apuntes\/wp-content\/uploads\/2020\/10\/E9FA307B-1DA0-4B22-8B61-83502CFF3131-273x300.jpeg 273w, https:\/\/latribunera.com\/apuntes\/wp-content\/uploads\/2020\/10\/E9FA307B-1DA0-4B22-8B61-83502CFF3131-768x845.jpeg 768w, https:\/\/latribunera.com\/apuntes\/wp-content\/uploads\/2020\/10\/E9FA307B-1DA0-4B22-8B61-83502CFF3131.jpeg 1000w\" sizes=\"auto, (max-width: 931px) 100vw, 931px\" \/><\/figure>\n\n\n\n<p>Primer empate del Reba\u00f1o de visitante, antes de este resultado: tres derrotas y tres triunfos<\/p>\n\n\n\n<p>El noveno empate sin gol en el campeonato, los tapat\u00edos\u00a0han estado presentes en tres de estos juegos que\u00a0suelen decepcionar al aficionado.<\/p>\n\n\n<p><script async=\"\" src=\"https:\/\/pagead2.googlesyndication.com\/pagead\/js\/adsbygoogle.js\"><\/script><br \/>\n<!-- PC 728x90 --><br \/>\n<ins class=\"adsbygoogle\" style=\"display:inline-block;width:728px;height:90px\" data-ad-client=\"ca-pub-9427576701762839\" data-ad-slot=\"1011393878\"><\/ins><br \/>\n<script>\n     (adsbygoogle = window.adsbygoogle || []).push({});\n<\/script><\/p>\n\n\n<p><script async=\"\" src=\"https:\/\/pagead2.googlesyndication.com\/pagead\/js\/adsbygoogle.js\"><\/script><br \/>\n<!-- PC 728x90 --><br \/>\n<ins class=\"adsbygoogle\" style=\"display:inline-block;width:728px;height:90px\" data-ad-client=\"ca-pub-9427576701762839\" data-ad-slot=\"1011393878\"><\/ins><br \/>\n<script>\n     (adsbygoogle = window.adsbygoogle || []).push({});\n<\/script><\/p>\n","protected":false},"excerpt":{"rendered":"<p>La Fiera batall\u00f3 en su juego ante Mazatl\u00e1n, pero seguir\u00e1 siendo l\u00edder.<\/p>\n","protected":false},"author":4,"featured_media":7645,"comment_status":"open","ping_status":"open","sticky":false,"template":"","format":"standard","meta":{"_jetpack_memberships_contains_paid_content":false,"footnotes":""},"categories":[3,2],"tags":[85,124,164,71,125,113,108,201,120,115,97,123,114,6,72,96,102,99,202,98],"class_list":["post-7635","post","type-post","status-publish","format-standard","has-post-thumbnail","hentry","category-futbol","category-futbol-mexicano","tag-america","tag-atlas","tag-atletico-san-luis","tag-chivas","tag-cruz-azul","tag-gallos-blancos","tag-leon","tag-mazatlan-fc","tag-monarcas","tag-necaxa","tag-puebla","tag-pumas","tag-queretaro","tag-rayados","tag-san-luis","tag-santos","tag-tigres","tag-toluca","tag-unam","tag-xolos"],"jetpack_featured_media_url":"https:\/\/latribunera.com\/apuntes\/wp-content\/uploads\/2020\/10\/DC49737D-A1CC-4020-8322-02DD372BB4A1.jpeg","jetpack-related-posts":[{"id":45489,"url":"https:\/\/latribunera.com\/apuntes\/index.php\/2026\/08\/14\/santos-laguna-invita-a-su-aficion-a-pintar-de-verde-el-corona-ante-chivas\/","url_meta":{"origin":7635,"position":0},"title":"Santos Laguna invita a su afici\u00f3n a pintar de verde el Corona ante Chivas.","author":"Staff","date":"14 agosto, 2026","format":false,"excerpt":"\u2022 Los Guerreros regresan a casa con el envi\u00f3n an\u00edmico de su triunfo ante Philadelphia Union y buscar\u00e1n, junto a su afici\u00f3n, su primera victoria del Apertura 2026. Luego de cerrar su participaci\u00f3n en la Leagues Cup 2026 con una victoria de 2 a 0 sobre Philadelphia Union en el\u2026","rel":"","context":"In &quot;Liga MX&quot;","block_context":{"text":"Liga MX","link":"https:\/\/latribunera.com\/apuntes\/index.php\/category\/futbol\/futbol-mexicano\/"},"img":{"alt_text":"","src":"https:\/\/i0.wp.com\/latribunera.com\/apuntes\/wp-content\/uploads\/2026\/08\/IMG-20260814-WA0041.jpg?resize=350%2C200&ssl=1","width":350,"height":200,"srcset":"https:\/\/i0.wp.com\/latribunera.com\/apuntes\/wp-content\/uploads\/2026\/08\/IMG-20260814-WA0041.jpg?resize=350%2C200&ssl=1 1x, https:\/\/i0.wp.com\/latribunera.com\/apuntes\/wp-content\/uploads\/2026\/08\/IMG-20260814-WA0041.jpg?resize=525%2C300&ssl=1 1.5x, https:\/\/i0.wp.com\/latribunera.com\/apuntes\/wp-content\/uploads\/2026\/08\/IMG-20260814-WA0041.jpg?resize=700%2C400&ssl=1 2x, https:\/\/i0.wp.com\/latribunera.com\/apuntes\/wp-content\/uploads\/2026\/08\/IMG-20260814-WA0041.jpg?resize=1050%2C600&ssl=1 3x, https:\/\/i0.wp.com\/latribunera.com\/apuntes\/wp-content\/uploads\/2026\/08\/IMG-20260814-WA0041.jpg?resize=1400%2C800&ssl=1 4x"},"classes":[]},{"id":45462,"url":"https:\/\/latribunera.com\/apuntes\/index.php\/2026\/07\/27\/una-experiencia-unica-para-la-aficion-en-el-estadio-corona\/","url_meta":{"origin":7635,"position":1},"title":"Una experiencia \u00fanica para la afici\u00f3n en el Estadio Corona","author":"Staff","date":"27 julio, 2026","format":false,"excerpt":"El Estadio Corona vivi\u00f3 una noche llena de emociones, en la que la sinergia entre el equipo y la afici\u00f3n se hizo presente de principio a fin. M\u00e1s de 20 mil aficionados se dieron cita en la casa de los Guerreros para compartir una jornada llena de momentos especiales. Desde\u2026","rel":"","context":"In &quot;Liga MX&quot;","block_context":{"text":"Liga MX","link":"https:\/\/latribunera.com\/apuntes\/index.php\/category\/futbol\/futbol-mexicano\/"},"img":{"alt_text":"","src":"https:\/\/i0.wp.com\/latribunera.com\/apuntes\/wp-content\/uploads\/2026\/07\/Carlos-Acevedo-Protocol-Tunel-Jornada-2-vs-Atlas.jpg?resize=350%2C200&ssl=1","width":350,"height":200,"srcset":"https:\/\/i0.wp.com\/latribunera.com\/apuntes\/wp-content\/uploads\/2026\/07\/Carlos-Acevedo-Protocol-Tunel-Jornada-2-vs-Atlas.jpg?resize=350%2C200&ssl=1 1x, https:\/\/i0.wp.com\/latribunera.com\/apuntes\/wp-content\/uploads\/2026\/07\/Carlos-Acevedo-Protocol-Tunel-Jornada-2-vs-Atlas.jpg?resize=525%2C300&ssl=1 1.5x, https:\/\/i0.wp.com\/latribunera.com\/apuntes\/wp-content\/uploads\/2026\/07\/Carlos-Acevedo-Protocol-Tunel-Jornada-2-vs-Atlas.jpg?resize=700%2C400&ssl=1 2x, https:\/\/i0.wp.com\/latribunera.com\/apuntes\/wp-content\/uploads\/2026\/07\/Carlos-Acevedo-Protocol-Tunel-Jornada-2-vs-Atlas.jpg?resize=1050%2C600&ssl=1 3x, https:\/\/i0.wp.com\/latribunera.com\/apuntes\/wp-content\/uploads\/2026\/07\/Carlos-Acevedo-Protocol-Tunel-Jornada-2-vs-Atlas.jpg?resize=1400%2C800&ssl=1 4x"},"classes":[]},{"id":45455,"url":"https:\/\/latribunera.com\/apuntes\/index.php\/2026\/07\/20\/club-santos-laguna-impulsa-el-futuro-de-la-laguna-con-inversion-en-infraestructura\/","url_meta":{"origin":7635,"position":2},"title":"Club Santos Laguna impulsa el futuro de la laguna con inversi\u00f3n en infraestructura","author":"Staff","date":"20 julio, 2026","format":false,"excerpt":"En los \u00faltimos ocho meses, el Club ha destinado 75 millones de pesos a la modernizaci\u00f3n de Territorio Santos Modelo y el Estadio Corona. Los proyectos fortalecen la experiencia de aficionados, jugadores, colaboradores y socios comerciales, adem\u00e1s de generar un importante impacto econ\u00f3mico en la regi\u00f3n. Club Santos Laguna contin\u00faa\u2026","rel":"","context":"In &quot;Liga MX&quot;","block_context":{"text":"Liga MX","link":"https:\/\/latribunera.com\/apuntes\/index.php\/category\/futbol\/futbol-mexicano\/"},"img":{"alt_text":"","src":"https:\/\/i0.wp.com\/latribunera.com\/apuntes\/wp-content\/uploads\/2026\/07\/e60fc472-db6f-4c99-80aa-c65e7754feb1.jpg?resize=350%2C200&ssl=1","width":350,"height":200,"srcset":"https:\/\/i0.wp.com\/latribunera.com\/apuntes\/wp-content\/uploads\/2026\/07\/e60fc472-db6f-4c99-80aa-c65e7754feb1.jpg?resize=350%2C200&ssl=1 1x, https:\/\/i0.wp.com\/latribunera.com\/apuntes\/wp-content\/uploads\/2026\/07\/e60fc472-db6f-4c99-80aa-c65e7754feb1.jpg?resize=525%2C300&ssl=1 1.5x, https:\/\/i0.wp.com\/latribunera.com\/apuntes\/wp-content\/uploads\/2026\/07\/e60fc472-db6f-4c99-80aa-c65e7754feb1.jpg?resize=700%2C400&ssl=1 2x, https:\/\/i0.wp.com\/latribunera.com\/apuntes\/wp-content\/uploads\/2026\/07\/e60fc472-db6f-4c99-80aa-c65e7754feb1.jpg?resize=1050%2C600&ssl=1 3x, https:\/\/i0.wp.com\/latribunera.com\/apuntes\/wp-content\/uploads\/2026\/07\/e60fc472-db6f-4c99-80aa-c65e7754feb1.jpg?resize=1400%2C800&ssl=1 4x"},"classes":[]},{"id":45502,"url":"https:\/\/latribunera.com\/apuntes\/index.php\/2026\/08\/25\/el-corona-se-prepara-para-una-noche-especial-ante-tigres\/","url_meta":{"origin":7635,"position":3},"title":"El Corona se prepara para una noche especial ante Tigres","author":"Staff","date":"25 agosto, 2026","format":false,"excerpt":"Un nuevo duelo en el Estadio Corona est\u00e1 cada vez m\u00e1s cerca y la afici\u00f3n santista se prepara para vivir una noche llena de emociones. Los Guerreros recibir\u00e1n a Tigres este s\u00e1bado 29 de agosto a las 21:10 horas, en partido correspondiente a la jornada 6 del Torneo Apertura 2026.\u2026","rel":"","context":"In &quot;Pasi\u00f3n Guerrera&quot;","block_context":{"text":"Pasi\u00f3n Guerrera","link":"https:\/\/latribunera.com\/apuntes\/index.php\/category\/tribus\/pasionguerrera\/"},"img":{"alt_text":"","src":"https:\/\/i0.wp.com\/latribunera.com\/apuntes\/wp-content\/uploads\/2026\/08\/Drones-TSM.jpg?resize=350%2C200&ssl=1","width":350,"height":200,"srcset":"https:\/\/i0.wp.com\/latribunera.com\/apuntes\/wp-content\/uploads\/2026\/08\/Drones-TSM.jpg?resize=350%2C200&ssl=1 1x, https:\/\/i0.wp.com\/latribunera.com\/apuntes\/wp-content\/uploads\/2026\/08\/Drones-TSM.jpg?resize=525%2C300&ssl=1 1.5x, https:\/\/i0.wp.com\/latribunera.com\/apuntes\/wp-content\/uploads\/2026\/08\/Drones-TSM.jpg?resize=700%2C400&ssl=1 2x, https:\/\/i0.wp.com\/latribunera.com\/apuntes\/wp-content\/uploads\/2026\/08\/Drones-TSM.jpg?resize=1050%2C600&ssl=1 3x, https:\/\/i0.wp.com\/latribunera.com\/apuntes\/wp-content\/uploads\/2026\/08\/Drones-TSM.jpg?resize=1400%2C800&ssl=1 4x"},"classes":[]},{"id":45468,"url":"https:\/\/latribunera.com\/apuntes\/index.php\/2026\/08\/05\/guerreros-de-corazon-celebra-19-anos-de-ganar-sirviendo\/","url_meta":{"origin":7635,"position":4},"title":"Guerreros de Coraz\u00f3n celebra 19 A\u00f1os de GANAR SIRVIENDO","author":"Staff","date":"5 agosto, 2026","format":false,"excerpt":"Desde 2007, el programa de responsabilidad social de Club Santos Laguna ha impulsado m\u00e1s de 1,200 iniciativas en beneficio de la comunidad, sumando a jugadores, colaboradores, aficionados, patrocinadores y aliados. Hoy, Club Santos Laguna celebra el 19\u00b0 aniversario de Guerreros de Coraz\u00f3n, su programa de responsabilidad social, que desde 2007\u2026","rel":"","context":"In &quot;Ganar Sirviendo&quot;","block_context":{"text":"Ganar Sirviendo","link":"https:\/\/latribunera.com\/apuntes\/index.php\/category\/futbol\/futbol-mexicano\/ganar-sirviendo\/"},"img":{"alt_text":"","src":"https:\/\/i0.wp.com\/latribunera.com\/apuntes\/wp-content\/uploads\/2026\/08\/Laura-Irarragorri-Kalb.jpg?resize=350%2C200&ssl=1","width":350,"height":200,"srcset":"https:\/\/i0.wp.com\/latribunera.com\/apuntes\/wp-content\/uploads\/2026\/08\/Laura-Irarragorri-Kalb.jpg?resize=350%2C200&ssl=1 1x, https:\/\/i0.wp.com\/latribunera.com\/apuntes\/wp-content\/uploads\/2026\/08\/Laura-Irarragorri-Kalb.jpg?resize=525%2C300&ssl=1 1.5x, https:\/\/i0.wp.com\/latribunera.com\/apuntes\/wp-content\/uploads\/2026\/08\/Laura-Irarragorri-Kalb.jpg?resize=700%2C400&ssl=1 2x, https:\/\/i0.wp.com\/latribunera.com\/apuntes\/wp-content\/uploads\/2026\/08\/Laura-Irarragorri-Kalb.jpg?resize=1050%2C600&ssl=1 3x, https:\/\/i0.wp.com\/latribunera.com\/apuntes\/wp-content\/uploads\/2026\/08\/Laura-Irarragorri-Kalb.jpg?resize=1400%2C800&ssl=1 4x"},"classes":[]},{"id":45429,"url":"https:\/\/latribunera.com\/apuntes\/index.php\/2026\/05\/19\/club-santos-laguna-anuncia-a-renato-paiva-como-director-tecnico-de-los-guerreros\/","url_meta":{"origin":7635,"position":5},"title":"Club Santos Laguna anuncia a Renato Paiva como director t\u00e9cnico de los Guerreros","author":"Jacob Alarcon","date":"19 mayo, 2026","format":false,"excerpt":"Club Santos Laguna informa la contrataci\u00f3n de Renato Manuel Alves Paiva como Director T\u00e9cnico del Primer Equipo de los Guerreros. La incorporaci\u00f3n del estratega portugu\u00e9s forma parte de la reestructura deportiva que vive la instituci\u00f3n santista, enfocada en impulsar un cambio de fondo que permita fortalecer su metodolog\u00eda de trabajo\u2026","rel":"","context":"In &quot;Pasi\u00f3n Guerrera&quot;","block_context":{"text":"Pasi\u00f3n Guerrera","link":"https:\/\/latribunera.com\/apuntes\/index.php\/category\/tribus\/pasionguerrera\/"},"img":{"alt_text":"","src":"https:\/\/i0.wp.com\/latribunera.com\/apuntes\/wp-content\/uploads\/2026\/05\/b5856b03-d2a7-4e72-95af-09fe86011ed5.jpg?resize=350%2C200&ssl=1","width":350,"height":200,"srcset":"https:\/\/i0.wp.com\/latribunera.com\/apuntes\/wp-content\/uploads\/2026\/05\/b5856b03-d2a7-4e72-95af-09fe86011ed5.jpg?resize=350%2C200&ssl=1 1x, https:\/\/i0.wp.com\/latribunera.com\/apuntes\/wp-content\/uploads\/2026\/05\/b5856b03-d2a7-4e72-95af-09fe86011ed5.jpg?resize=525%2C300&ssl=1 1.5x, https:\/\/i0.wp.com\/latribunera.com\/apuntes\/wp-content\/uploads\/2026\/05\/b5856b03-d2a7-4e72-95af-09fe86011ed5.jpg?resize=700%2C400&ssl=1 2x, https:\/\/i0.wp.com\/latribunera.com\/apuntes\/wp-content\/uploads\/2026\/05\/b5856b03-d2a7-4e72-95af-09fe86011ed5.jpg?resize=1050%2C600&ssl=1 3x, https:\/\/i0.wp.com\/latribunera.com\/apuntes\/wp-content\/uploads\/2026\/05\/b5856b03-d2a7-4e72-95af-09fe86011ed5.jpg?resize=1400%2C800&ssl=1 4x"},"classes":[]}],"jetpack_sharing_enabled":true,"_links":{"self":[{"href":"https:\/\/latribunera.com\/apuntes\/index.php\/wp-json\/wp\/v2\/posts\/7635","targetHints":{"allow":["GET"]}}],"collection":[{"href":"https:\/\/latribunera.com\/apuntes\/index.php\/wp-json\/wp\/v2\/posts"}],"about":[{"href":"https:\/\/latribunera.com\/apuntes\/index.php\/wp-json\/wp\/v2\/types\/post"}],"author":[{"embeddable":true,"href":"https:\/\/latribunera.com\/apuntes\/index.php\/wp-json\/wp\/v2\/users\/4"}],"replies":[{"embeddable":true,"href":"https:\/\/latribunera.com\/apuntes\/index.php\/wp-json\/wp\/v2\/comments?post=7635"}],"version-history":[{"count":5,"href":"https:\/\/latribunera.com\/apuntes\/index.php\/wp-json\/wp\/v2\/posts\/7635\/revisions"}],"predecessor-version":[{"id":7660,"href":"https:\/\/latribunera.com\/apuntes\/index.php\/wp-json\/wp\/v2\/posts\/7635\/revisions\/7660"}],"wp:featuredmedia":[{"embeddable":true,"href":"https:\/\/latribunera.com\/apuntes\/index.php\/wp-json\/wp\/v2\/media\/7645"}],"wp:attachment":[{"href":"https:\/\/latribunera.com\/apuntes\/index.php\/wp-json\/wp\/v2\/media?parent=7635"}],"wp:term":[{"taxonomy":"category","embeddable":true,"href":"https:\/\/latribunera.com\/apuntes\/index.php\/wp-json\/wp\/v2\/categories?post=7635"},{"taxonomy":"post_tag","embeddable":true,"href":"https:\/\/latribunera.com\/apuntes\/index.php\/wp-json\/wp\/v2\/tags?post=7635"}],"curies":[{"name":"wp","href":"https:\/\/api.w.org\/{rel}","templated":true}]}}