{"id":8677,"date":"2020-10-31T21:09:46","date_gmt":"2020-10-31T21:09:46","guid":{"rendered":"https:\/\/latribunera.com\/apuntes\/?p=8677"},"modified":"2020-10-31T21:34:23","modified_gmt":"2020-10-31T21:34:23","slug":"chivas-locas","status":"publish","type":"post","link":"https:\/\/latribunera.com\/apuntes\/index.php\/2020\/10\/31\/chivas-locas\/","title":{"rendered":"CHIVAS LOCAS"},"content":{"rendered":"\n<p>Por @alexmtz8603<\/p>\n\n\n\n<p>Alexis Pe\u00f1a, Eduardo L\u00f3pez y Jos\u00e9 Ju\u00e1n V\u00e1zquez fueron separados del plantel de las Chivas Rayadas del Guadalajara.<\/p>\n\n\n<p><script async=\"\" src=\"https:\/\/pagead2.googlesyndication.com\/pagead\/js\/adsbygoogle.js\"><\/script><br \/>\n<!-- PC 728x90 --><br \/>\n<ins class=\"adsbygoogle\" style=\"display:inline-block;width:728px;height:90px\" data-ad-client=\"ca-pub-9427576701762839\" data-ad-slot=\"1011393878\"><\/ins><br \/>\n<script>\n     (adsbygoogle = window.adsbygoogle || []).push({});\n<\/script><\/p>\n\n\n\n<p>A trav\u00e9s de un breve comunicado, la organizaci\u00f3n del Reba\u00f1o inform\u00f3 que estos tres jugadores faltaron al reglamento interno.<\/p>\n\n\n\n<figure class=\"wp-block-embed-twitter wp-block-embed is-type-rich is-provider-twitter\"><div class=\"wp-block-embed__wrapper\">\n<blockquote class=\"twitter-tweet\" data-width=\"550\" data-dnt=\"true\"><p lang=\"pt\" dir=\"ltr\">Comunicado Oficial. <a href=\"https:\/\/t.co\/PVIYPgjqRR\">pic.twitter.com\/PVIYPgjqRR<\/a><\/p>&mdash; CHIVAS (@Chivas) <a href=\"https:\/\/twitter.com\/Chivas\/status\/1322639778899283970?ref_src=twsrc%5Etfw\">October 31, 2020<\/a><\/blockquote><script async src=\"https:\/\/platform.twitter.com\/widgets.js\" charset=\"utf-8\"><\/script>\n<\/div><\/figure>\n\n\n\n<p>Un d\u00eda antes a Dieter Villalpando lo hab\u00edan hecho a un\nlado al tener que resolver un problema legal en donde estaba inmiscuido, todo\napunta a una fiesta que se sali\u00f3 de control.<\/p>\n\n\n\n<p>Este 2020 ha sido un dolor de cabeza para la directiva\nrojiblanca, ya que, anteriormente tuvieron que lidiar con problemas extra\ncancha de Cristian Calder\u00f3n, Urial Antuna, Jos\u00e9 Juan Mac\u00edas y Alexis Vega.<\/p>\n\n\n\n<p>Esta tarde, a las 19 horas, Guadalajara enfrenta a Pumas en el Estadio Ol\u00edmpico Universitario.<\/p>\n\n\n<p><script async=\"\" src=\"https:\/\/pagead2.googlesyndication.com\/pagead\/js\/adsbygoogle.js\"><\/script><br \/>\n<!-- PC 728x90 --><br \/>\n<ins class=\"adsbygoogle\" style=\"display:inline-block;width:728px;height:90px\" data-ad-client=\"ca-pub-9427576701762839\" data-ad-slot=\"1011393878\"><\/ins><br \/>\n<script>\n     (adsbygoogle = window.adsbygoogle || []).push({});\n<\/script><\/p>\n\n\n\n<figure class=\"wp-block-embed-spotify wp-block-embed is-type-rich is-provider-spotify wp-embed-aspect-21-9 wp-has-aspect-ratio\"><div class=\"wp-block-embed__wrapper\">\n<iframe loading=\"lazy\" title=\"Spotify Embed: Episodio 20. Guard1anes Apertura 2020. Jornada 16. La Tribunera\" width=\"100%\" height=\"232\" allowtransparency=\"true\" frameborder=\"0\" allow=\"encrypted-media\" src=\"https:\/\/open.spotify.com\/embed-podcast\/episode\/5MdKjRz9mK0PKZumi3XI3F?si=q4N--PyuRTmbpiDvgwuUqg\"><\/iframe>\n<\/div><\/figure>\n","protected":false},"excerpt":{"rendered":"<p>Por @alexmtz8603 Alexis Pe\u00f1a, Eduardo L\u00f3pez y Jos\u00e9 Ju\u00e1n V\u00e1zquez fueron separados del plantel de las Chivas Rayadas del Guadalajara. A trav\u00e9s de un breve comunicado, la organizaci\u00f3n del Reba\u00f1o inform\u00f3 que estos tres jugadores faltaron al reglamento interno. Un d\u00eda antes a Dieter Villalpando lo hab\u00edan hecho a un lado al tener que resolver&#8230; <\/p>\n<div class=\"clear\"><\/div>\n<p><a href=\"https:\/\/latribunera.com\/apuntes\/index.php\/2020\/10\/31\/chivas-locas\/\" class=\"excerpt-read-more\">Read More<i class=\"fa fa-caret-right icon-caret-right\"><\/i><\/a><\/p>\n","protected":false},"author":7,"featured_media":8678,"comment_status":"open","ping_status":"open","sticky":false,"template":"","format":"standard","meta":{"_jetpack_memberships_contains_paid_content":false,"footnotes":""},"categories":[231,2],"tags":[71,105,74],"class_list":["post-8677","post","type-post","status-publish","format-standard","has-post-thumbnail","hentry","category-apuntes","category-futbol-mexicano","tag-chivas","tag-guadalajara","tag-liga-mx"],"jetpack_featured_media_url":"https:\/\/latribunera.com\/apuntes\/wp-content\/uploads\/2020\/10\/Captura-1.jpg","jetpack-related-posts":[],"jetpack_sharing_enabled":true,"_links":{"self":[{"href":"https:\/\/latribunera.com\/apuntes\/index.php\/wp-json\/wp\/v2\/posts\/8677","targetHints":{"allow":["GET"]}}],"collection":[{"href":"https:\/\/latribunera.com\/apuntes\/index.php\/wp-json\/wp\/v2\/posts"}],"about":[{"href":"https:\/\/latribunera.com\/apuntes\/index.php\/wp-json\/wp\/v2\/types\/post"}],"author":[{"embeddable":true,"href":"https:\/\/latribunera.com\/apuntes\/index.php\/wp-json\/wp\/v2\/users\/7"}],"replies":[{"embeddable":true,"href":"https:\/\/latribunera.com\/apuntes\/index.php\/wp-json\/wp\/v2\/comments?post=8677"}],"version-history":[{"count":4,"href":"https:\/\/latribunera.com\/apuntes\/index.php\/wp-json\/wp\/v2\/posts\/8677\/revisions"}],"predecessor-version":[{"id":8685,"href":"https:\/\/latribunera.com\/apuntes\/index.php\/wp-json\/wp\/v2\/posts\/8677\/revisions\/8685"}],"wp:featuredmedia":[{"embeddable":true,"href":"https:\/\/latribunera.com\/apuntes\/index.php\/wp-json\/wp\/v2\/media\/8678"}],"wp:attachment":[{"href":"https:\/\/latribunera.com\/apuntes\/index.php\/wp-json\/wp\/v2\/media?parent=8677"}],"wp:term":[{"taxonomy":"category","embeddable":true,"href":"https:\/\/latribunera.com\/apuntes\/index.php\/wp-json\/wp\/v2\/categories?post=8677"},{"taxonomy":"post_tag","embeddable":true,"href":"https:\/\/latribunera.com\/apuntes\/index.php\/wp-json\/wp\/v2\/tags?post=8677"}],"curies":[{"name":"wp","href":"https:\/\/api.w.org\/{rel}","templated":true}]}}