{"id":9448,"date":"2020-11-16T04:28:08","date_gmt":"2020-11-16T04:28:08","guid":{"rendered":"https:\/\/latribunera.com\/apuntes\/?p=9448"},"modified":"2020-11-16T04:28:57","modified_gmt":"2020-11-16T04:28:57","slug":"roban-a-jugadora-del-america","status":"publish","type":"post","link":"https:\/\/latribunera.com\/apuntes\/index.php\/2020\/11\/16\/roban-a-jugadora-del-america\/","title":{"rendered":"ROBAN A JUGADORA DEL AM\u00c9RICA"},"content":{"rendered":"\n<p>POR: DIEGO DE MONTEMAYOR&nbsp;<\/p>\n\n\n\n<p>No pude mi gente, fui d\u00e9bil&#8230; resulta que le\u00ed en varios medios lo que les voy a relatar: una joven y noble jugadora del Am\u00e9rica se qued\u00f3 sin bicicleta, afortunadamente tendr\u00e1 final feliz pero no es justo.<\/p>\n\n\n\n<p>Resulta que Eleisa Santos, jugadora del Am\u00e9rica, utilizaba una bicicleta que compr\u00f3 con sus ahorros para trasladarse a los entrenamientos en Coapa, era feliz porque la compr\u00f3 con lo que gana haciendo lo que ama y resulta que se la robaron.<\/p>\n\n\n\n<p>Eleisa cont\u00f3 lo ocurrido momentos despu\u00e9s del robo en su cuenta de Instagram, la chava estaba inconsolable. Le peg\u00f3 duro el robo, pues aunque no le hicieron nada los ladrones, si la hicieron pasar un muy mal rato.<\/p>\n\n\n\n<p>La jugadora revel\u00f3 que hab\u00eda dejado la bicicleta para ir a hacer unos pagos, en lo que tard\u00f3 alguien se la llev\u00f3&#8230; un drama y no es para menos.<\/p>\n\n\n\n<p>A pesar del dolor por el robo la chica report\u00f3 a los entrenamientos la tarde del s\u00e1bado y ah\u00ed recibi\u00f3 una buena noticia, pues uno de los patrocinadores del Ake respondi\u00f3 al mal momento y prometieron comprarle una en mejores condiciones.<\/p>\n\n\n\n<p>Ya la raza andaba haciendo un Moneypool para apoyarla con los gastos, los seguidores del f\u00fatbol femenil en M\u00e9xico se unieron sin importar los colores y se pusieron pilas, pero por fortuna no tuvieron que poner de su bolsa.<\/p>\n\n\n\n<p>Ahora Eleisa tendr\u00e1 una sonrisa despu\u00e9s de un mal sabor de boca para enfrentar a Chivas en el Cl\u00e1sico de la jornada 16 del Guard1anes 2020 de la Liga Femenil.<\/p>\n","protected":false},"excerpt":{"rendered":"<p>Eleisa Santos fue v\u00edctima de un robo tras la pr\u00e1ctica del Am\u00e9rica.<\/p>\n","protected":false},"author":4,"featured_media":9449,"comment_status":"open","ping_status":"open","sticky":false,"template":"","format":"standard","meta":{"_jetpack_memberships_contains_paid_content":false,"footnotes":""},"categories":[3,64],"tags":[85,214,220,157,200,148],"class_list":["post-9448","post","type-post","status-publish","format-standard","has-post-thumbnail","hentry","category-futbol","category-futbol-mexicano-femenil","tag-america","tag-america-femenil","tag-apertura-2020","tag-chivas-femenil","tag-guardianes-2020","tag-liga-femenil"],"jetpack_featured_media_url":"https:\/\/latribunera.com\/apuntes\/wp-content\/uploads\/2020\/11\/24506DC8-8424-4CC4-BCEB-F0B0C6E04862.jpeg","jetpack-related-posts":[{"id":45421,"url":"https:\/\/latribunera.com\/apuntes\/index.php\/2026\/04\/16\/todo-listo-para-la-14va-edicion-de-la-copa-internacional-santos-penoles\/","url_meta":{"origin":9448,"position":0},"title":"Todo listo para la 14va edici\u00f3n de la Copa Internacional Santos Pe\u00f1oles","author":"Jacob Alarcon","date":"16 abril, 2026","format":false,"excerpt":"Este jueves, en el Auditorio Orlegi de Territorio Santos Modelo, se llev\u00f3 a cabo la presentaci\u00f3noficial de la edici\u00f3n 2026 de la Copa Internacional Santos Pe\u00f1oles, torneo que se ha consolidadocomo uno de los m\u00e1s importantes a nivel infantil y juvenil en M\u00e9xico. Adem\u00e1s de brindar una competencia deportiva de\u2026","rel":"","context":"In &quot;Sin categor\u00eda&quot;","block_context":{"text":"Sin categor\u00eda","link":"https:\/\/latribunera.com\/apuntes\/index.php\/category\/sin-categoria\/"},"img":{"alt_text":"","src":"https:\/\/i0.wp.com\/latribunera.com\/apuntes\/wp-content\/uploads\/2026\/04\/Presentacion-Copa-Santos-Penoles.jpg?resize=350%2C200&ssl=1","width":350,"height":200,"srcset":"https:\/\/i0.wp.com\/latribunera.com\/apuntes\/wp-content\/uploads\/2026\/04\/Presentacion-Copa-Santos-Penoles.jpg?resize=350%2C200&ssl=1 1x, https:\/\/i0.wp.com\/latribunera.com\/apuntes\/wp-content\/uploads\/2026\/04\/Presentacion-Copa-Santos-Penoles.jpg?resize=525%2C300&ssl=1 1.5x, https:\/\/i0.wp.com\/latribunera.com\/apuntes\/wp-content\/uploads\/2026\/04\/Presentacion-Copa-Santos-Penoles.jpg?resize=700%2C400&ssl=1 2x, https:\/\/i0.wp.com\/latribunera.com\/apuntes\/wp-content\/uploads\/2026\/04\/Presentacion-Copa-Santos-Penoles.jpg?resize=1050%2C600&ssl=1 3x, https:\/\/i0.wp.com\/latribunera.com\/apuntes\/wp-content\/uploads\/2026\/04\/Presentacion-Copa-Santos-Penoles.jpg?resize=1400%2C800&ssl=1 4x"},"classes":[]},{"id":45386,"url":"https:\/\/latribunera.com\/apuntes\/index.php\/2026\/03\/11\/santos-launa-impulsa-mejoras-en-la-infraestructura-de-tsm-y-estadio-corona\/","url_meta":{"origin":9448,"position":1},"title":"Santos Laguna impulsa mejoras en la infraestructura de TSM y Estadio Corona","author":"Jacob Alarcon","date":"11 marzo, 2026","format":false,"excerpt":"Club Santos Laguna lleva a cabo una serie de reformas y mejoras en la infraestructura de TerritorioSantos Modelo y del Estadio Corona, con el objetivo de impulsar la innovaci\u00f3n tecnol\u00f3gica, lasostenibilidad y la modernizaci\u00f3n de sus espacios.Con estas acciones, el club contin\u00faa fortaleciendo la experiencia de sus aficionados yactualizando sus\u2026","rel":"","context":"In &quot;Pasi\u00f3n Guerrera&quot;","block_context":{"text":"Pasi\u00f3n Guerrera","link":"https:\/\/latribunera.com\/apuntes\/index.php\/category\/tribus\/pasionguerrera\/"},"img":{"alt_text":"","src":"https:\/\/i0.wp.com\/latribunera.com\/apuntes\/wp-content\/uploads\/2026\/03\/Renovacion-TSM.jpg?resize=350%2C200&ssl=1","width":350,"height":200,"srcset":"https:\/\/i0.wp.com\/latribunera.com\/apuntes\/wp-content\/uploads\/2026\/03\/Renovacion-TSM.jpg?resize=350%2C200&ssl=1 1x, https:\/\/i0.wp.com\/latribunera.com\/apuntes\/wp-content\/uploads\/2026\/03\/Renovacion-TSM.jpg?resize=525%2C300&ssl=1 1.5x, https:\/\/i0.wp.com\/latribunera.com\/apuntes\/wp-content\/uploads\/2026\/03\/Renovacion-TSM.jpg?resize=700%2C400&ssl=1 2x, https:\/\/i0.wp.com\/latribunera.com\/apuntes\/wp-content\/uploads\/2026\/03\/Renovacion-TSM.jpg?resize=1050%2C600&ssl=1 3x, https:\/\/i0.wp.com\/latribunera.com\/apuntes\/wp-content\/uploads\/2026\/03\/Renovacion-TSM.jpg?resize=1400%2C800&ssl=1 4x"},"classes":[]}],"jetpack_sharing_enabled":true,"_links":{"self":[{"href":"https:\/\/latribunera.com\/apuntes\/index.php\/wp-json\/wp\/v2\/posts\/9448","targetHints":{"allow":["GET"]}}],"collection":[{"href":"https:\/\/latribunera.com\/apuntes\/index.php\/wp-json\/wp\/v2\/posts"}],"about":[{"href":"https:\/\/latribunera.com\/apuntes\/index.php\/wp-json\/wp\/v2\/types\/post"}],"author":[{"embeddable":true,"href":"https:\/\/latribunera.com\/apuntes\/index.php\/wp-json\/wp\/v2\/users\/4"}],"replies":[{"embeddable":true,"href":"https:\/\/latribunera.com\/apuntes\/index.php\/wp-json\/wp\/v2\/comments?post=9448"}],"version-history":[{"count":3,"href":"https:\/\/latribunera.com\/apuntes\/index.php\/wp-json\/wp\/v2\/posts\/9448\/revisions"}],"predecessor-version":[{"id":9453,"href":"https:\/\/latribunera.com\/apuntes\/index.php\/wp-json\/wp\/v2\/posts\/9448\/revisions\/9453"}],"wp:featuredmedia":[{"embeddable":true,"href":"https:\/\/latribunera.com\/apuntes\/index.php\/wp-json\/wp\/v2\/media\/9449"}],"wp:attachment":[{"href":"https:\/\/latribunera.com\/apuntes\/index.php\/wp-json\/wp\/v2\/media?parent=9448"}],"wp:term":[{"taxonomy":"category","embeddable":true,"href":"https:\/\/latribunera.com\/apuntes\/index.php\/wp-json\/wp\/v2\/categories?post=9448"},{"taxonomy":"post_tag","embeddable":true,"href":"https:\/\/latribunera.com\/apuntes\/index.php\/wp-json\/wp\/v2\/tags?post=9448"}],"curies":[{"name":"wp","href":"https:\/\/api.w.org\/{rel}","templated":true}]}}