{"id":9463,"date":"2020-11-16T23:27:31","date_gmt":"2020-11-16T23:27:31","guid":{"rendered":"https:\/\/latribunera.com\/apuntes\/?p=9463"},"modified":"2020-11-16T23:50:56","modified_gmt":"2020-11-16T23:50:56","slug":"mandan-a-cesar-montes-al-imss-tras-lesionarse-con-seleccion","status":"publish","type":"post","link":"https:\/\/latribunera.com\/apuntes\/index.php\/2020\/11\/16\/mandan-a-cesar-montes-al-imss-tras-lesionarse-con-seleccion\/","title":{"rendered":"MANDAN A C\u00c9SAR MONTES AL IMSS TRAS LESIONARSE CON SELECCI\u00d3N"},"content":{"rendered":"\n<p><strong>POR: DIEGO DE MONTEMAYOR<\/strong>&nbsp;<\/p>\n\n\n\n<p>En Rayados estaban tomando caf\u00e9 por la tarde, todo parec\u00eda tranquilo en el BBVA, pero de un momento a otro la directiva lo escupi\u00f3, aventaron el celular y se llevaron las manos al rostro&#8230;<\/p>\n\n\n<p><script async=\"\" src=\"https:\/\/pagead2.googlesyndication.com\/pagead\/js\/adsbygoogle.js\"><\/script><br \/>\n<!-- PC 728x90 --><br \/>\n<ins class=\"adsbygoogle\" style=\"display:inline-block;width:728px;height:90px\" data-ad-client=\"ca-pub-9427576701762839\" data-ad-slot=\"1011393878\"><\/ins><br \/>\n<script><\/script><\/p>\n\n\n\n<p>En la reuni\u00f3n estaban dialogando Duilio Davino y Carlos Vela, Duilio le dijo a Vela tras ver su enojo: \u201cTranquilo \u00bfqu\u00e9 pas\u00f3?&#8230;\u201d a lo qu\u00e9 respondi\u00f3 Vela: \u201cTenemos un lesionado, es Montes. Es Montes Duilio\u201d.<\/p>\n\n\n\n<figure class=\"wp-block-embed-twitter wp-block-embed is-type-rich is-provider-twitter\"><div class=\"wp-block-embed__wrapper\">\n<blockquote class=\"twitter-tweet\" data-width=\"550\" data-dnt=\"true\"><p lang=\"es\" dir=\"ltr\">\ud83d\udcc4 | NOTA <br><br>\ud83d\udea8 <a href=\"https:\/\/twitter.com\/CJasib?ref_src=twsrc%5Etfw\">@CJasib<\/a> causa baja de nuestra concentraci\u00f3n y ma\u00f1ana regresar\u00e1 a \ud83c\uddf2\ud83c\uddfd. <br><br>Detalles. \ud83d\udc49\ud83c\udffb <a href=\"https:\/\/t.co\/8JvYFOhwUz\">https:\/\/t.co\/8JvYFOhwUz<\/a><a href=\"https:\/\/twitter.com\/hashtag\/Pasi%C3%B3nyOrgullo?src=hash&amp;ref_src=twsrc%5Etfw\">#Pasi\u00f3nyOrgullo<\/a> | <a href=\"https:\/\/twitter.com\/hashtag\/FMFporNuestroF%C3%BAtbol?src=hash&amp;ref_src=twsrc%5Etfw\">#FMFporNuestroF\u00fatbol<\/a> <a href=\"https:\/\/t.co\/9tFsio6GaK\">pic.twitter.com\/9tFsio6GaK<\/a><\/p>&mdash; Selecci\u00f3n Nacional (@miseleccionmx) <a href=\"https:\/\/twitter.com\/miseleccionmx\/status\/1328445696052170754?ref_src=twsrc%5Etfw\">November 16, 2020<\/a><\/blockquote><script async src=\"https:\/\/platform.twitter.com\/widgets.js\" charset=\"utf-8\"><\/script>\n<\/div><\/figure>\n\n\n\n<p>La mala noticia se la dieron a Antonio Mohamed y a pensar en que pasar\u00e1 para el partido ante Puebla por el repechaje del Guard1anes 2020.<\/p>\n\n\n\n<p>Todav\u00eda en Rayados se lamentaban a la Selecci\u00f3n, perd\u00f3n&#8230; se lamentaban la lesi\u00f3n y el Puebla sali\u00f3 con sus cosas, como si fuera una broma, mandaron al Cachorro al IMSS para que se atendiera.<\/p>\n\n\n<p><script async=\"\" src=\"https:\/\/pagead2.googlesyndication.com\/pagead\/js\/adsbygoogle.js\"><\/script><br \/>\n<!-- PC 728x90 --><br \/>\n<ins class=\"adsbygoogle\" style=\"display:inline-block;width:728px;height:90px\" data-ad-client=\"ca-pub-9427576701762839\" data-ad-slot=\"1011393878\"><\/ins><br \/>\n<script><\/script><\/p>\n\n\n\n<p>Montes no se ganch\u00f3 con la gente de La Franja y prometi\u00f3 estar listo para jugar ante Puebla el domingo a las 21:10 en el BBVA.<\/p>\n\n\n\n<figure class=\"wp-block-embed-twitter wp-block-embed is-type-rich is-provider-twitter\"><div class=\"wp-block-embed__wrapper\">\n<blockquote class=\"twitter-tweet\" data-width=\"550\" data-dnt=\"true\"><p lang=\"es\" dir=\"ltr\">Ya te saqu\u00e9 tu cita en el <a href=\"https:\/\/twitter.com\/Tu_IMSS?ref_src=twsrc%5Etfw\">@Tu_IMSS<\/a>, <a href=\"https:\/\/twitter.com\/CJasib?ref_src=twsrc%5Etfw\">@CJasib<\/a>. Te atienden el pr\u00f3ximo lunes \ud83d\udc40<br><br>Recup\u00e9rate pronto \ud83d\ude4f\ud83c\udffb <a href=\"https:\/\/t.co\/gRENgPMOIh\">https:\/\/t.co\/gRENgPMOIh<\/a><\/p>&mdash; Club Puebla\ud83c\udfbd (@ClubPueblaMX) <a href=\"https:\/\/twitter.com\/ClubPueblaMX\/status\/1328454943574003720?ref_src=twsrc%5Etfw\">November 16, 2020<\/a><\/blockquote><script async src=\"https:\/\/platform.twitter.com\/widgets.js\" charset=\"utf-8\"><\/script>\n<\/div><\/figure>\n\n\n<p><script async=\"\" src=\"https:\/\/pagead2.googlesyndication.com\/pagead\/js\/adsbygoogle.js\"><\/script><br \/>\n<!-- PC 728x90 --><br \/>\n<ins class=\"adsbygoogle\" style=\"display:inline-block;width:728px;height:90px\" data-ad-client=\"ca-pub-9427576701762839\" data-ad-slot=\"1011393878\"><\/ins><br \/>\n<script><\/script><\/p>\n\n\n<p><script async=\"\" src=\"https:\/\/pagead2.googlesyndication.com\/pagead\/js\/adsbygoogle.js\"><\/script><br \/>\n<!-- PC 728x90 --><br \/>\n<ins class=\"adsbygoogle\" style=\"display:inline-block;width:728px;height:90px\" data-ad-client=\"ca-pub-9427576701762839\" data-ad-slot=\"1011393878\"><\/ins><br \/>\n<script><\/script><\/p>\n","protected":false},"excerpt":{"rendered":"<p>C\u00e9sar Montes podr\u00eda perderse el partido de repechaje ante Puebla.<\/p>\n","protected":false},"author":4,"featured_media":9464,"comment_status":"open","ping_status":"open","sticky":false,"template":"","format":"standard","meta":{"_jetpack_memberships_contains_paid_content":false,"footnotes":""},"categories":[3,2],"tags":[220,200,74,269,97,6,270],"class_list":["post-9463","post","type-post","status-publish","format-standard","has-post-thumbnail","hentry","category-futbol","category-futbol-mexicano","tag-apertura-2020","tag-guardianes-2020","tag-liga-mx","tag-liguilla","tag-puebla","tag-rayados","tag-repechaje"],"jetpack_featured_media_url":"https:\/\/latribunera.com\/apuntes\/wp-content\/uploads\/2020\/11\/788F238B-DFBF-48CB-A8A2-3134B7A45A51.jpeg","jetpack-related-posts":[{"id":45392,"url":"https:\/\/latribunera.com\/apuntes\/index.php\/2026\/04\/09\/se-presento-la-13va-edicion-del-guerreton\/","url_meta":{"origin":9463,"position":0},"title":"Se presento la 13va edici\u00f3n del Guerret\u00f3n.","author":"Staff","date":"9 abril, 2026","format":false,"excerpt":"A lo largo de sus primeras 12 ediciones, Guerret\u00f3n ha logrado recolectar m\u00e1s de 121,500juguetes, peluches y balones, beneficiando a diversas asociaciones e instituciones de laregi\u00f3n lagunera, entre ellas CRIT Durango, los sistemas DIF de distintos municipios, as\u00edcomo organizaciones educativas y asistenciales. A la fecha, se han instalado cuatro ludotecas\u2026","rel":"","context":"In &quot;Ganar Sirviendo&quot;","block_context":{"text":"Ganar Sirviendo","link":"https:\/\/latribunera.com\/apuntes\/index.php\/category\/futbol\/futbol-mexicano\/ganar-sirviendo\/"},"img":{"alt_text":"","src":"https:\/\/i0.wp.com\/latribunera.com\/apuntes\/wp-content\/uploads\/2026\/04\/9Guerreton-2026-2.jpg.jpeg?resize=350%2C200&ssl=1","width":350,"height":200,"srcset":"https:\/\/i0.wp.com\/latribunera.com\/apuntes\/wp-content\/uploads\/2026\/04\/9Guerreton-2026-2.jpg.jpeg?resize=350%2C200&ssl=1 1x, https:\/\/i0.wp.com\/latribunera.com\/apuntes\/wp-content\/uploads\/2026\/04\/9Guerreton-2026-2.jpg.jpeg?resize=525%2C300&ssl=1 1.5x, https:\/\/i0.wp.com\/latribunera.com\/apuntes\/wp-content\/uploads\/2026\/04\/9Guerreton-2026-2.jpg.jpeg?resize=700%2C400&ssl=1 2x, https:\/\/i0.wp.com\/latribunera.com\/apuntes\/wp-content\/uploads\/2026\/04\/9Guerreton-2026-2.jpg.jpeg?resize=1050%2C600&ssl=1 3x, https:\/\/i0.wp.com\/latribunera.com\/apuntes\/wp-content\/uploads\/2026\/04\/9Guerreton-2026-2.jpg.jpeg?resize=1400%2C800&ssl=1 4x"},"classes":[]}],"jetpack_sharing_enabled":true,"_links":{"self":[{"href":"https:\/\/latribunera.com\/apuntes\/index.php\/wp-json\/wp\/v2\/posts\/9463","targetHints":{"allow":["GET"]}}],"collection":[{"href":"https:\/\/latribunera.com\/apuntes\/index.php\/wp-json\/wp\/v2\/posts"}],"about":[{"href":"https:\/\/latribunera.com\/apuntes\/index.php\/wp-json\/wp\/v2\/types\/post"}],"author":[{"embeddable":true,"href":"https:\/\/latribunera.com\/apuntes\/index.php\/wp-json\/wp\/v2\/users\/4"}],"replies":[{"embeddable":true,"href":"https:\/\/latribunera.com\/apuntes\/index.php\/wp-json\/wp\/v2\/comments?post=9463"}],"version-history":[{"count":3,"href":"https:\/\/latribunera.com\/apuntes\/index.php\/wp-json\/wp\/v2\/posts\/9463\/revisions"}],"predecessor-version":[{"id":9469,"href":"https:\/\/latribunera.com\/apuntes\/index.php\/wp-json\/wp\/v2\/posts\/9463\/revisions\/9469"}],"wp:featuredmedia":[{"embeddable":true,"href":"https:\/\/latribunera.com\/apuntes\/index.php\/wp-json\/wp\/v2\/media\/9464"}],"wp:attachment":[{"href":"https:\/\/latribunera.com\/apuntes\/index.php\/wp-json\/wp\/v2\/media?parent=9463"}],"wp:term":[{"taxonomy":"category","embeddable":true,"href":"https:\/\/latribunera.com\/apuntes\/index.php\/wp-json\/wp\/v2\/categories?post=9463"},{"taxonomy":"post_tag","embeddable":true,"href":"https:\/\/latribunera.com\/apuntes\/index.php\/wp-json\/wp\/v2\/tags?post=9463"}],"curies":[{"name":"wp","href":"https:\/\/api.w.org\/{rel}","templated":true}]}}