{"id":9519,"date":"2020-11-19T16:45:11","date_gmt":"2020-11-19T16:45:11","guid":{"rendered":"https:\/\/latribunera.com\/apuntes\/?p=9519"},"modified":"2020-11-22T22:17:06","modified_gmt":"2020-11-22T22:17:06","slug":"rayados-prohibido-perder","status":"publish","type":"post","link":"https:\/\/latribunera.com\/apuntes\/index.php\/2020\/11\/19\/rayados-prohibido-perder\/","title":{"rendered":"Rayados, prohibido perder."},"content":{"rendered":"\n<p>Este domingo, <strong><span style=\"text-decoration: underline;\"><a href=\"https:\/\/bit.ly\/3pSCBla\">Rayados<\/a><\/span><\/strong> pondr\u00e1 en juego todo un torneo durante 90 minutos.<\/p>\n\n\n\n<p>Aunque\nestuvo a 10 minutos de avanzar directo a los Cuartos de Final, el equipo tuvo\nun cierre fatal en Guadalajara y dej\u00f3 algunas dudas entre su afici\u00f3n.<\/p>\n\n\n\n<p>Ahora, est\u00e1 en riesgo de que un mal partido lo deje fuera de la Fiesta Grande.<\/p>\n\n\n\n<figure class=\"wp-block-embed-twitter wp-block-embed is-type-rich is-provider-twitter\"><div class=\"wp-block-embed__wrapper\">\n<blockquote class=\"twitter-tweet\" data-width=\"550\" data-dnt=\"true\"><p lang=\"es\" dir=\"ltr\">\ud83c\udfc3\ud83c\udffb\u200d\u2642| <a href=\"https:\/\/twitter.com\/hashtag\/EnLaOficina?src=hash&amp;ref_src=twsrc%5Etfw\">#EnLaOficina<\/a> de <a href=\"https:\/\/twitter.com\/NicoGabSanchez?ref_src=twsrc%5Etfw\">@NicoGabSanchez<\/a> se trabaja con mucho esfuerzo y entrega \ud83d\udcaa\ud83c\udffc\ud83e\udd20 \u00a1Vamos, Nico! <a href=\"https:\/\/twitter.com\/hashtag\/ArribaElMonterrey?src=hash&amp;ref_src=twsrc%5Etfw\">#ArribaElMonterrey<\/a> \ud83d\udc99\u26aa <a href=\"https:\/\/t.co\/NJ5SY9kirt\">pic.twitter.com\/NJ5SY9kirt<\/a><\/p>&mdash; Rayados (@Rayados) <a href=\"https:\/\/twitter.com\/Rayados\/status\/1329198412605100032?ref_src=twsrc%5Etfw\">November 18, 2020<\/a><\/blockquote><script async src=\"https:\/\/platform.twitter.com\/widgets.js\" charset=\"utf-8\"><\/script>\n<\/div><\/figure>\n\n\n\n<p>Se enfrentan el 5 contra el 12 en un in\u00e9dito Repechaje donde Rayados es el favorito y es el que tiene todo que perder, mientras el <strong><span style=\"text-decoration: underline;\"><a href=\"https:\/\/bit.ly\/3pMWNFc\">Puebla<\/a><\/span><\/strong> vendr\u00e1 en papel de v\u00edctima y sin la presi\u00f3n de estar obligados a avanzar.<\/p>\n\n\n\n<p>Los regios\ntendr\u00e1n que ver a los camoteros como una oportunidad para mostrar que est\u00e1n\nlistos para competir por un pase a la final y que mantendr\u00e1n esa racha de final\nde temporada.<\/p>\n\n\n\n<p>Porque a\u00fan y cuando el \u00faltimo partido dej\u00f3 un sabor amargo en la afici\u00f3n, hay razones para ilusionarse.<\/p>\n\n\n<p><script async=\"\" src=\"https:\/\/pagead2.googlesyndication.com\/pagead\/js\/adsbygoogle.js\"><\/script><br \/>\n<!-- PC 728x90 --><br \/>\n<ins class=\"adsbygoogle\" style=\"display:inline-block;width:728px;height:90px\" data-ad-client=\"ca-pub-9427576701762839\" data-ad-slot=\"1011393878\"><\/ins><br \/>\n<script><\/script><\/p>\n\n\n\n<p>Haciendo un\nan\u00e1lisis de la segunda mitad del torneo, Rayados es uno de los equipos que tuvo\nmejor rendimiento.<\/p>\n\n\n\n<p>Si tomamos\nen cuenta las \u00faltimas ocho jornadas, es decir de la jornada 10 a la 17, s\u00f3lo el\nLe\u00f3n acumul\u00f3 m\u00e1s victorias que la Pandilla del Cerro de la Silla.<\/p>\n\n\n\n<p>En este\nlapso Le\u00f3n consigui\u00f3 7 triunfos, seguido de Tigres, Rayados, Necaxa y Santos\ncon cinco.<\/p>\n\n\n\n<p>Cabe\ndestacar que, de estos \u00faltimos cuatro, Necaxa cerr\u00f3 a tambor batiente con cinco\nvictorias al hilo y Monterrey con cinco victorias en sus \u00faltimos seis partidos.<\/p>\n\n\n\n<p>El resto de\nlos equipos involucrados en la Liguilla no tuvieron un cierre tan fuerte, pues\nPumas, Am\u00e9rica y Cruz Azul suman 3 victorias, Guadalajara 4, Pachuca y Toluca 2\ny Puebla 3.<\/p>\n\n\n\n<p>El partido\ndel domingo no deja de ser de alto riesgo, el Puebla de Reynoso es un equipo\nordenado que, conoce sus limitaciones y tratar\u00e1 de venir a buscar una\ncampanada.<\/p>\n\n\n\n<p>En Rayados el \u00e1nimo est\u00e1 alto, como lo dej\u00f3 claro Vincent Janssen en una entrevista para el sitio oficial de la Liga MX.<\/p>\n\n\n\n<figure class=\"wp-block-embed-twitter wp-block-embed is-type-rich is-provider-twitter\"><div class=\"wp-block-embed__wrapper\">\n<blockquote class=\"twitter-tweet\" data-width=\"550\" data-dnt=\"true\"><p lang=\"es\" dir=\"ltr\">&quot;Vamos a pelear por el t\u00edtulo, eso es un hecho. Crean en nosotros&quot;. <br><br>Este es el emotivo mensaje que dijo <a href=\"https:\/\/twitter.com\/vincentjanssen?ref_src=twsrc%5Etfw\">@vincentjanssen<\/a>, delantero de <a href=\"https:\/\/twitter.com\/Rayados?ref_src=twsrc%5Etfw\">@Rayados<\/a>, en una entrevista en exclusiva para la <a href=\"https:\/\/twitter.com\/hashtag\/LigaBBVAMX?src=hash&amp;ref_src=twsrc%5Etfw\">#LigaBBVAMX<\/a>. <br><br>Checa el video y la nota \ud83d\udc47<br><br>\ud83d\udd17 <a href=\"https:\/\/t.co\/kp7SOBDtwv\">https:\/\/t.co\/kp7SOBDtwv<\/a> <a href=\"https:\/\/t.co\/oSyvtVJp4E\">pic.twitter.com\/oSyvtVJp4E<\/a><\/p>&mdash; #LigaBBVAMX #Guard1anes2020 (@LigaBBVAMX) <a href=\"https:\/\/twitter.com\/LigaBBVAMX\/status\/1329204907585523717?ref_src=twsrc%5Etfw\">November 18, 2020<\/a><\/blockquote><script async src=\"https:\/\/platform.twitter.com\/widgets.js\" charset=\"utf-8\"><\/script>\n<\/div><\/figure>\n\n\n\n<p>\u201cRealmente\ncreo que somos el mejor equipo. En el \u00faltimo a\u00f1o lo ganamos todo, por eso somos\nel conjunto m\u00e1s fuerte\u201d, dijo el holand\u00e9s.<\/p>\n\n\n\n<p>Si el resto del equipo est\u00e1 en la misma sinton\u00eda que el &#8216;Toro&#8217;, tendr\u00e1n que salir a demostrarlo la noche del domingo en el BBVA y empezar con el pie derecho el camino al pr\u00f3ximo campeonato.<\/p>\n\n\n<p><script async=\"\" src=\"https:\/\/pagead2.googlesyndication.com\/pagead\/js\/adsbygoogle.js\"><\/script><br \/>\n<!-- PC 728x90 --><br \/>\n<ins class=\"adsbygoogle\" style=\"display:inline-block;width:728px;height:90px\" data-ad-client=\"ca-pub-9427576701762839\" data-ad-slot=\"1011393878\"><\/ins><br \/>\n<script><\/script><\/p>\n","protected":false},"excerpt":{"rendered":"<p>Este domingo, Rayados pondr\u00e1 en juego todo un torneo durante 90 minutos. Aunque estuvo a 10 minutos de avanzar directo a los Cuartos de Final, el equipo tuvo un cierre fatal en Guadalajara y dej\u00f3 algunas dudas entre su afici\u00f3n. Ahora, est\u00e1 en riesgo de que un mal partido lo deje fuera de la Fiesta&#8230; <\/p>\n<div class=\"clear\"><\/div>\n<p><a href=\"https:\/\/latribunera.com\/apuntes\/index.php\/2020\/11\/19\/rayados-prohibido-perder\/\" class=\"excerpt-read-more\">Read More<i class=\"fa fa-caret-right icon-caret-right\"><\/i><\/a><\/p>\n","protected":false},"author":4,"featured_media":9520,"comment_status":"open","ping_status":"open","sticky":false,"template":"","format":"standard","meta":{"_jetpack_memberships_contains_paid_content":false,"footnotes":""},"categories":[231,2],"tags":[6],"class_list":["post-9519","post","type-post","status-publish","format-standard","has-post-thumbnail","hentry","category-apuntes","category-futbol-mexicano","tag-rayados"],"jetpack_featured_media_url":"https:\/\/latribunera.com\/apuntes\/wp-content\/uploads\/2020\/11\/Miguel-Lay\u00fan-scaled.jpg","jetpack-related-posts":[{"id":45392,"url":"https:\/\/latribunera.com\/apuntes\/index.php\/2026\/04\/09\/se-presento-la-13va-edicion-del-guerreton\/","url_meta":{"origin":9519,"position":0},"title":"Se presento la 13va edici\u00f3n del Guerret\u00f3n.","author":"Staff","date":"9 abril, 2026","format":false,"excerpt":"A lo largo de sus primeras 12 ediciones, Guerret\u00f3n ha logrado recolectar m\u00e1s de 121,500juguetes, peluches y balones, beneficiando a diversas asociaciones e instituciones de laregi\u00f3n lagunera, entre ellas CRIT Durango, los sistemas DIF de distintos municipios, as\u00edcomo organizaciones educativas y asistenciales. A la fecha, se han instalado cuatro ludotecas\u2026","rel":"","context":"In &quot;Ganar Sirviendo&quot;","block_context":{"text":"Ganar Sirviendo","link":"https:\/\/latribunera.com\/apuntes\/index.php\/category\/futbol\/futbol-mexicano\/ganar-sirviendo\/"},"img":{"alt_text":"","src":"https:\/\/i0.wp.com\/latribunera.com\/apuntes\/wp-content\/uploads\/2026\/04\/9Guerreton-2026-2.jpg.jpeg?resize=350%2C200&ssl=1","width":350,"height":200,"srcset":"https:\/\/i0.wp.com\/latribunera.com\/apuntes\/wp-content\/uploads\/2026\/04\/9Guerreton-2026-2.jpg.jpeg?resize=350%2C200&ssl=1 1x, https:\/\/i0.wp.com\/latribunera.com\/apuntes\/wp-content\/uploads\/2026\/04\/9Guerreton-2026-2.jpg.jpeg?resize=525%2C300&ssl=1 1.5x, https:\/\/i0.wp.com\/latribunera.com\/apuntes\/wp-content\/uploads\/2026\/04\/9Guerreton-2026-2.jpg.jpeg?resize=700%2C400&ssl=1 2x, https:\/\/i0.wp.com\/latribunera.com\/apuntes\/wp-content\/uploads\/2026\/04\/9Guerreton-2026-2.jpg.jpeg?resize=1050%2C600&ssl=1 3x, https:\/\/i0.wp.com\/latribunera.com\/apuntes\/wp-content\/uploads\/2026\/04\/9Guerreton-2026-2.jpg.jpeg?resize=1400%2C800&ssl=1 4x"},"classes":[]}],"jetpack_sharing_enabled":true,"_links":{"self":[{"href":"https:\/\/latribunera.com\/apuntes\/index.php\/wp-json\/wp\/v2\/posts\/9519","targetHints":{"allow":["GET"]}}],"collection":[{"href":"https:\/\/latribunera.com\/apuntes\/index.php\/wp-json\/wp\/v2\/posts"}],"about":[{"href":"https:\/\/latribunera.com\/apuntes\/index.php\/wp-json\/wp\/v2\/types\/post"}],"author":[{"embeddable":true,"href":"https:\/\/latribunera.com\/apuntes\/index.php\/wp-json\/wp\/v2\/users\/4"}],"replies":[{"embeddable":true,"href":"https:\/\/latribunera.com\/apuntes\/index.php\/wp-json\/wp\/v2\/comments?post=9519"}],"version-history":[{"count":5,"href":"https:\/\/latribunera.com\/apuntes\/index.php\/wp-json\/wp\/v2\/posts\/9519\/revisions"}],"predecessor-version":[{"id":9636,"href":"https:\/\/latribunera.com\/apuntes\/index.php\/wp-json\/wp\/v2\/posts\/9519\/revisions\/9636"}],"wp:featuredmedia":[{"embeddable":true,"href":"https:\/\/latribunera.com\/apuntes\/index.php\/wp-json\/wp\/v2\/media\/9520"}],"wp:attachment":[{"href":"https:\/\/latribunera.com\/apuntes\/index.php\/wp-json\/wp\/v2\/media?parent=9519"}],"wp:term":[{"taxonomy":"category","embeddable":true,"href":"https:\/\/latribunera.com\/apuntes\/index.php\/wp-json\/wp\/v2\/categories?post=9519"},{"taxonomy":"post_tag","embeddable":true,"href":"https:\/\/latribunera.com\/apuntes\/index.php\/wp-json\/wp\/v2\/tags?post=9519"}],"curies":[{"name":"wp","href":"https:\/\/api.w.org\/{rel}","templated":true}]}}