{"id":9526,"date":"2020-11-19T21:57:52","date_gmt":"2020-11-19T21:57:52","guid":{"rendered":"https:\/\/latribunera.com\/apuntes\/?p=9526"},"modified":"2020-11-19T23:54:13","modified_gmt":"2020-11-19T23:54:13","slug":"ake-loba-de-portero-con-rayados","status":"publish","type":"post","link":"https:\/\/latribunera.com\/apuntes\/index.php\/2020\/11\/19\/ake-loba-de-portero-con-rayados\/","title":{"rendered":"AK\u00c9 LOBA DE PORTERO CON RAYADOS"},"content":{"rendered":"\n<p><strong>POR: DIEGO DE MONTEMAYOR<\/strong>&nbsp;<\/p>\n\n\n\n<p>No es broma, el marfile\u00f1o Ake Drogba estuvo de arquero en El Barrial en el entrenamiento de Rayados de cara al partido ante Puebla.<\/p>\n\n\n<p><script async=\"\" src=\"https:\/\/pagead2.googlesyndication.com\/pagead\/js\/adsbygoogle.js\"><\/script><br \/>\n<!-- PC 728x90 --><br \/>\n<ins class=\"adsbygoogle\" style=\"display:inline-block;width:728px;height:90px\" data-ad-client=\"ca-pub-9427576701762839\" data-ad-slot=\"1011393878\"><\/ins><br \/>\n<script><\/script><\/p>\n\n\n\n<p>La Pandilla comparti\u00f3 en su cuenta de Twitter que \u00e9l atacante africano estuvo bajo los tres palos blancos, no se asusten&#8230; todo parece que fue porque al Loba quiso probar un rato como arquero.<\/p>\n\n\n\n<figure class=\"wp-block-image size-large\"><img loading=\"lazy\" decoding=\"async\" width=\"599\" height=\"1024\" src=\"https:\/\/latribunera.com\/apuntes\/wp-content\/uploads\/2020\/11\/317A5F30-617F-42B0-9C7D-C09C0EF38C65-599x1024.jpeg\" alt=\"\" class=\"wp-image-9527\" srcset=\"https:\/\/latribunera.com\/apuntes\/wp-content\/uploads\/2020\/11\/317A5F30-617F-42B0-9C7D-C09C0EF38C65-599x1024.jpeg 599w, https:\/\/latribunera.com\/apuntes\/wp-content\/uploads\/2020\/11\/317A5F30-617F-42B0-9C7D-C09C0EF38C65-175x300.jpeg 175w, https:\/\/latribunera.com\/apuntes\/wp-content\/uploads\/2020\/11\/317A5F30-617F-42B0-9C7D-C09C0EF38C65.jpeg 750w\" sizes=\"auto, (max-width: 599px) 100vw, 599px\" \/><\/figure>\n\n\n\n<p>Hugo Gonz\u00e1lez, titularazo toda la temporada regular ser\u00eda quien est\u00e9 al frente ante La Franja en el BBVA el domingo en el partido por el pase a cuartos de final.<\/p>\n\n\n\n<p>La publicaci\u00f3n de Ak\u00e9 Arnaud como arquero la subi\u00f3 Rayados a sus fleets, esta especie de historias que est\u00e1n de moda en Twitter, v\u00e9anlo porque solo dura 24 horas.<\/p>\n\n\n<p><script async=\"\" src=\"https:\/\/pagead2.googlesyndication.com\/pagead\/js\/adsbygoogle.js\"><\/script><br \/>\n<!-- PC 728x90 --><br \/>\n<ins class=\"adsbygoogle\" style=\"display:inline-block;width:728px;height:90px\" data-ad-client=\"ca-pub-9427576701762839\" data-ad-slot=\"1011393878\"><\/ins><br \/>\n<script><\/script><\/p>\n","protected":false},"excerpt":{"rendered":"<p>El marfile\u00f1o estuvo en el entrenamiento bajo los tres palos blancos.<\/p>\n","protected":false},"author":4,"featured_media":9528,"comment_status":"open","ping_status":"open","sticky":false,"template":"","format":"standard","meta":{"_jetpack_memberships_contains_paid_content":false,"footnotes":""},"categories":[3,2],"tags":[220,200,74,97,6],"class_list":["post-9526","post","type-post","status-publish","format-standard","has-post-thumbnail","hentry","category-futbol","category-futbol-mexicano","tag-apertura-2020","tag-guardianes-2020","tag-liga-mx","tag-puebla","tag-rayados"],"jetpack_featured_media_url":"https:\/\/latribunera.com\/apuntes\/wp-content\/uploads\/2020\/11\/A63DB99B-9AA2-4196-BCA0-123BC182BA23.jpeg","jetpack-related-posts":[{"id":45392,"url":"https:\/\/latribunera.com\/apuntes\/index.php\/2026\/04\/09\/se-presento-la-13va-edicion-del-guerreton\/","url_meta":{"origin":9526,"position":0},"title":"Se presento la 13va edici\u00f3n del Guerret\u00f3n.","author":"Staff","date":"9 abril, 2026","format":false,"excerpt":"A lo largo de sus primeras 12 ediciones, Guerret\u00f3n ha logrado recolectar m\u00e1s de 121,500juguetes, peluches y balones, beneficiando a diversas asociaciones e instituciones de laregi\u00f3n lagunera, entre ellas CRIT Durango, los sistemas DIF de distintos municipios, as\u00edcomo organizaciones educativas y asistenciales. A la fecha, se han instalado cuatro ludotecas\u2026","rel":"","context":"In &quot;Ganar Sirviendo&quot;","block_context":{"text":"Ganar Sirviendo","link":"https:\/\/latribunera.com\/apuntes\/index.php\/category\/futbol\/futbol-mexicano\/ganar-sirviendo\/"},"img":{"alt_text":"","src":"https:\/\/i0.wp.com\/latribunera.com\/apuntes\/wp-content\/uploads\/2026\/04\/9Guerreton-2026-2.jpg.jpeg?resize=350%2C200&ssl=1","width":350,"height":200,"srcset":"https:\/\/i0.wp.com\/latribunera.com\/apuntes\/wp-content\/uploads\/2026\/04\/9Guerreton-2026-2.jpg.jpeg?resize=350%2C200&ssl=1 1x, https:\/\/i0.wp.com\/latribunera.com\/apuntes\/wp-content\/uploads\/2026\/04\/9Guerreton-2026-2.jpg.jpeg?resize=525%2C300&ssl=1 1.5x, https:\/\/i0.wp.com\/latribunera.com\/apuntes\/wp-content\/uploads\/2026\/04\/9Guerreton-2026-2.jpg.jpeg?resize=700%2C400&ssl=1 2x, https:\/\/i0.wp.com\/latribunera.com\/apuntes\/wp-content\/uploads\/2026\/04\/9Guerreton-2026-2.jpg.jpeg?resize=1050%2C600&ssl=1 3x, https:\/\/i0.wp.com\/latribunera.com\/apuntes\/wp-content\/uploads\/2026\/04\/9Guerreton-2026-2.jpg.jpeg?resize=1400%2C800&ssl=1 4x"},"classes":[]}],"jetpack_sharing_enabled":true,"_links":{"self":[{"href":"https:\/\/latribunera.com\/apuntes\/index.php\/wp-json\/wp\/v2\/posts\/9526","targetHints":{"allow":["GET"]}}],"collection":[{"href":"https:\/\/latribunera.com\/apuntes\/index.php\/wp-json\/wp\/v2\/posts"}],"about":[{"href":"https:\/\/latribunera.com\/apuntes\/index.php\/wp-json\/wp\/v2\/types\/post"}],"author":[{"embeddable":true,"href":"https:\/\/latribunera.com\/apuntes\/index.php\/wp-json\/wp\/v2\/users\/4"}],"replies":[{"embeddable":true,"href":"https:\/\/latribunera.com\/apuntes\/index.php\/wp-json\/wp\/v2\/comments?post=9526"}],"version-history":[{"count":3,"href":"https:\/\/latribunera.com\/apuntes\/index.php\/wp-json\/wp\/v2\/posts\/9526\/revisions"}],"predecessor-version":[{"id":9531,"href":"https:\/\/latribunera.com\/apuntes\/index.php\/wp-json\/wp\/v2\/posts\/9526\/revisions\/9531"}],"wp:featuredmedia":[{"embeddable":true,"href":"https:\/\/latribunera.com\/apuntes\/index.php\/wp-json\/wp\/v2\/media\/9528"}],"wp:attachment":[{"href":"https:\/\/latribunera.com\/apuntes\/index.php\/wp-json\/wp\/v2\/media?parent=9526"}],"wp:term":[{"taxonomy":"category","embeddable":true,"href":"https:\/\/latribunera.com\/apuntes\/index.php\/wp-json\/wp\/v2\/categories?post=9526"},{"taxonomy":"post_tag","embeddable":true,"href":"https:\/\/latribunera.com\/apuntes\/index.php\/wp-json\/wp\/v2\/tags?post=9526"}],"curies":[{"name":"wp","href":"https:\/\/api.w.org\/{rel}","templated":true}]}}